{"id":5802,"date":"2023-09-29T15:31:54","date_gmt":"2023-09-29T15:31:54","guid":{"rendered":"https:\/\/areabadalona.com\/diario\/?p=5802"},"modified":"2023-09-29T15:31:55","modified_gmt":"2023-09-29T15:31:55","slug":"badalona-nomes-te-en-vigor-dos-dels-tretze-principals-contractes-de-lambit-de-via-publica","status":"publish","type":"post","link":"https:\/\/areabadalona.com\/diario\/2023\/09\/29\/badalona-nomes-te-en-vigor-dos-dels-tretze-principals-contractes-de-lambit-de-via-publica\/","title":{"rendered":"Badalona nom\u00e9s t\u00e9 en vigor dos dels tretze principals contractes de l\u2019\u00e0mbit de Via P\u00fablica\u00a0"},"content":{"rendered":"\n<p>L\u2019Ajuntament de Badalona nom\u00e9s t\u00e9 en vigor ara per ara dos dels tretze principals contractes de l\u2019\u00e0mbit de Via P\u00fablica. D\u2019aquests onze contractes, tres estan prorrogats i es dona continu\u00eftat en el servei (neteja vi\u00e0ria, recollida de residus i enllumenat p\u00fablic) i els altres vuit estan totalment ven\u00e7uts i nom\u00e9s es presten serveis m\u00ednims (manteniment del clavegueram, manteniment del dip\u00f2sit de l\u2019Estrella, senyalitzaci\u00f3 vi\u00e0ria, manteniment dels sem\u00e0fors, neteja de l\u2019edifici de l\u2019IMPO, manteniment de les escales mec\u00e0niques del carrer de Fortuny, manteniment de les escales mec\u00e0niques del carrer Solsona i manteniment de l\u2019ascensor del carrer d\u2019Oceania). &nbsp;<\/p>\n\n\n\n<p>Aquesta situaci\u00f3 l\u2019ha detallat aquest dijous el tercer tinent d\u2019alcaldia i regidor de l\u2019\u00c0mbit de Territori i Sostenibilitat, Daniel Gracia, en una roda de premsa en la qual tamb\u00e9 ha participat el regidor de Via P\u00fablica, David Mej\u00eda. Gracia ha explicat que \u201caquesta situaci\u00f3 heretada del govern anterior afecta greument el funcionament de l\u2019administraci\u00f3, per\u00f2 sobretot es nota en la vida di\u00e0ria de tots els ve\u00efns i ve\u00efnes de la ciutat\u201d. El tinent d\u2019alcaldia ha remarcat que \u201cno tenir un contracte de senyalitzaci\u00f3 vi\u00e0ria, per exemple, suposa que actualment 200 ciutadans de Badalona amb mobilitat redu\u00efda estan a l\u2019espera de tenir la seva pla\u00e7a de mobilitat redu\u00efda senyalitzada en el carrer\u201d. &nbsp;<\/p>\n\n\n\n<p>Daniel Gr\u00e0cia ha incidit especialment el contracte de manteniment de sem\u00e0fors, que a causa del seu venciment est\u00e0 provocant que alguns punts de la ciutat no tinguin la senyalitzaci\u00f3 adequada. El tinent d\u2019alcaldia ha explicat que \u201cl\u2019anterior govern, que ara es queixa de la situaci\u00f3, va oblidar per dies activar la pr\u00f2rroga d\u2019aquest contracte, impedint que l\u2019empresa pugui cobrar factures i que ara no puguin fer m\u00e9s que els serveis m\u00ednims\u201d. &nbsp;<\/p>\n\n\n\n<p>Respecte als contractes de manteniment dels diferents elements de mobilitat mec\u00e0nica, Gr\u00e0cia ha indicat que un cop va acabar la garantia de la seva instal\u00b7laci\u00f3 no es va fer un contracte de manteniment, fet que es resoldr\u00e0 en pr\u00f2ximament. En el cas de les escales mec\u00e0niques del carrer de Cuba, el tinent d\u2019alcaldia ha aclarit que no es podran posar de nou en marxa fins d\u2019aqu\u00ed prop de 9 mesos, ja que s\u2019haur\u00e0 de substituir tot el mecanisme intern perqu\u00e8 s\u2019ha espatllat despr\u00e9s de m\u00e9s de set mesos sense estar en funcionament. &nbsp;<\/p>\n\n\n\n<p>Davant aquesta problem\u00e0tica, el Govern municipal est\u00e0 treballant en diverses vies. D\u2019una banda, ja s\u2019ha comen\u00e7at a preparar la licitaci\u00f3 dels contractes que estan en pr\u00f2rroga i d\u2019alguns dels ven\u00e7uts. D\u2019altra, per agilitzar la situaci\u00f3, l\u2019Ajuntament s\u2019adherir\u00e0 a contractes marc de manteniment de l\u2019Associaci\u00f3 Catalana de Municipis, ja que es tracta d\u2019un tr\u00e0mit m\u00e9s r\u00e0pid que la licitaci\u00f3 pura. A m\u00e9s, en el cas dels elements de mobilitat mec\u00e0nica, s\u2019encomanar\u00e0 la gesti\u00f3 a Engestur mitjan\u00e7ant un contracte marc per assegurar que no es repeteixin aquesta mena de situacions. &nbsp;&nbsp;&nbsp;<\/p>\n\n\n\n<p>Durant la roda de premsa, el tercer tinent d\u2019alcaldia i regidor de l\u2019\u00c0mbit de Territori i Sostenibilitat, Daniel Gracia, ha remarcat que \u201cno hem arribat al Govern per queixar-nos, per\u00f2 fem aquesta exposici\u00f3 p\u00fablica perqu\u00e8 els ve\u00efns i ve\u00efnes de Badalona han de saber en quina situaci\u00f3 ens trobem, la qual provoca que en molts casos no rebin els serveis que es mereixen\u201d. \u201cEls ve\u00efns estan pagant la incompet\u00e8ncia de l\u2019anterior govern; el llegat no podia ser m\u00e9s espant\u00f3s, hi va haver una absoluta deixadesa respecte als serveis b\u00e0sics de la ciutat\u201d ha concl\u00f2s el tinent d\u2019alcaldia. &nbsp;<\/p>\n","protected":false},"excerpt":{"rendered":"<p>L\u2019Ajuntament de Badalona nom\u00e9s t\u00e9 en vigor ara per ara dos dels tretze principals contractes de l\u2019\u00e0mbit de Via P\u00fablica. D\u2019aquests onze contractes, tres estan prorrogats i es dona continu\u00eftat en el servei (neteja vi\u00e0ria, recollida de residus i enllumenat p\u00fablic) i els altres vuit estan totalment ven\u00e7uts i nom\u00e9s es presten serveis m\u00ednims (manteniment [&hellip;]<\/p>\n","protected":false},"author":2,"featured_media":5803,"comment_status":"open","ping_status":"open","sticky":false,"template":"","format":"standard","meta":{"footnotes":""},"categories":[23],"tags":[],"class_list":{"0":"post-5802","1":"post","2":"type-post","3":"status-publish","4":"format-standard","5":"has-post-thumbnail","7":"category-actualitat"},"_links":{"self":[{"href":"https:\/\/areabadalona.com\/diario\/wp-json\/wp\/v2\/posts\/5802","targetHints":{"allow":["GET"]}}],"collection":[{"href":"https:\/\/areabadalona.com\/diario\/wp-json\/wp\/v2\/posts"}],"about":[{"href":"https:\/\/areabadalona.com\/diario\/wp-json\/wp\/v2\/types\/post"}],"author":[{"embeddable":true,"href":"https:\/\/areabadalona.com\/diario\/wp-json\/wp\/v2\/users\/2"}],"replies":[{"embeddable":true,"href":"https:\/\/areabadalona.com\/diario\/wp-json\/wp\/v2\/comments?post=5802"}],"version-history":[{"count":1,"href":"https:\/\/areabadalona.com\/diario\/wp-json\/wp\/v2\/posts\/5802\/revisions"}],"predecessor-version":[{"id":5804,"href":"https:\/\/areabadalona.com\/diario\/wp-json\/wp\/v2\/posts\/5802\/revisions\/5804"}],"wp:featuredmedia":[{"embeddable":true,"href":"https:\/\/areabadalona.com\/diario\/wp-json\/wp\/v2\/media\/5803"}],"wp:attachment":[{"href":"https:\/\/areabadalona.com\/diario\/wp-json\/wp\/v2\/media?parent=5802"}],"wp:term":[{"taxonomy":"category","embeddable":true,"href":"https:\/\/areabadalona.com\/diario\/wp-json\/wp\/v2\/categories?post=5802"},{"taxonomy":"post_tag","embeddable":true,"href":"https:\/\/areabadalona.com\/diario\/wp-json\/wp\/v2\/tags?post=5802"}],"curies":[{"name":"wp","href":"https:\/\/api.w.org\/{rel}","templated":true}]}}