{"id":5799,"date":"2023-09-28T11:33:32","date_gmt":"2023-09-28T11:33:32","guid":{"rendered":"https:\/\/areabadalona.com\/diario\/?p=5799"},"modified":"2023-09-28T11:33:33","modified_gmt":"2023-09-28T11:33:33","slug":"el-psc-demana-al-govern-que-activi-un-servei-puntual-de-vigilancia-a-les-platges-per-la-previsio-de-calor-durant-aquest-cap-de-setmana","status":"publish","type":"post","link":"https:\/\/areabadalona.com\/diario\/2023\/09\/28\/el-psc-demana-al-govern-que-activi-un-servei-puntual-de-vigilancia-a-les-platges-per-la-previsio-de-calor-durant-aquest-cap-de-setmana\/","title":{"rendered":"El PSC demana al govern que activi un servei puntual de vigil\u00e0ncia a les platges per la previsi\u00f3 de calor durant aquest cap de setmana\u00a0"},"content":{"rendered":"\n<p>El Partit dels Socialistes de Badalona demana al govern local que activi, aquest cap de setmana, un servei puntual de vigil\u00e0ncia de platja, per la previsi\u00f3 d&#8217;altes temperatures i gran aflu\u00e8ncia de banyistes a les platges de la ciutat. La temporada de bany, com cada any, fa dies que va acabar, el passat 17 de setembre, per\u00f2 tal com ha passat en altres vegades l&#8217;ajuntament pot activar un servei de vigil\u00e0ncia puntual. En aquest sentit, el president del grup municipal del PSC a Badalona, Fernando Carrera, ha demanat al govern del PP que durant aquest cap de setmana, amb la previsi\u00f3 de temperatures d&#8217;estiu, activi almenys un punt de vigil\u00e0ncia a les platges de Badalona. \u00abEs preveu una gran aflu\u00e8ncia de banyistes i creiem que seria una seguretat pels banyistes activar aquest servei, tant aquest dissabte com diumenge\u00bb. Carrera ha recordat que aquesta activaci\u00f3 puntual del servei de socorrisme s&#8217;ha fet, en altres ocasions d&#8217;altes temperatures, fora de la temporal oficial de bany.<\/p>\n","protected":false},"excerpt":{"rendered":"<p>El Partit dels Socialistes de Badalona demana al govern local que activi, aquest cap de setmana, un servei puntual de vigil\u00e0ncia de platja, per la previsi\u00f3 d&#8217;altes temperatures i gran aflu\u00e8ncia de banyistes a les platges de la ciutat. La temporada de bany, com cada any, fa dies que va acabar, el passat 17 de [&hellip;]<\/p>\n","protected":false},"author":2,"featured_media":5800,"comment_status":"open","ping_status":"open","sticky":false,"template":"","format":"standard","meta":{"footnotes":""},"categories":[23],"tags":[],"class_list":{"0":"post-5799","1":"post","2":"type-post","3":"status-publish","4":"format-standard","5":"has-post-thumbnail","7":"category-actualitat"},"_links":{"self":[{"href":"https:\/\/areabadalona.com\/diario\/wp-json\/wp\/v2\/posts\/5799","targetHints":{"allow":["GET"]}}],"collection":[{"href":"https:\/\/areabadalona.com\/diario\/wp-json\/wp\/v2\/posts"}],"about":[{"href":"https:\/\/areabadalona.com\/diario\/wp-json\/wp\/v2\/types\/post"}],"author":[{"embeddable":true,"href":"https:\/\/areabadalona.com\/diario\/wp-json\/wp\/v2\/users\/2"}],"replies":[{"embeddable":true,"href":"https:\/\/areabadalona.com\/diario\/wp-json\/wp\/v2\/comments?post=5799"}],"version-history":[{"count":1,"href":"https:\/\/areabadalona.com\/diario\/wp-json\/wp\/v2\/posts\/5799\/revisions"}],"predecessor-version":[{"id":5801,"href":"https:\/\/areabadalona.com\/diario\/wp-json\/wp\/v2\/posts\/5799\/revisions\/5801"}],"wp:featuredmedia":[{"embeddable":true,"href":"https:\/\/areabadalona.com\/diario\/wp-json\/wp\/v2\/media\/5800"}],"wp:attachment":[{"href":"https:\/\/areabadalona.com\/diario\/wp-json\/wp\/v2\/media?parent=5799"}],"wp:term":[{"taxonomy":"category","embeddable":true,"href":"https:\/\/areabadalona.com\/diario\/wp-json\/wp\/v2\/categories?post=5799"},{"taxonomy":"post_tag","embeddable":true,"href":"https:\/\/areabadalona.com\/diario\/wp-json\/wp\/v2\/tags?post=5799"}],"curies":[{"name":"wp","href":"https:\/\/api.w.org\/{rel}","templated":true}]}}