{"id":5796,"date":"2023-09-28T11:31:37","date_gmt":"2023-09-28T11:31:37","guid":{"rendered":"https:\/\/areabadalona.com\/diario\/?p=5796"},"modified":"2023-09-28T11:31:38","modified_gmt":"2023-09-28T11:31:38","slug":"la-fundacio-llegat-roca-i-pi-presenta-la-seva-accio-social-i-nous-projectes-a-badalona","status":"publish","type":"post","link":"https:\/\/areabadalona.com\/diario\/2023\/09\/28\/la-fundacio-llegat-roca-i-pi-presenta-la-seva-accio-social-i-nous-projectes-a-badalona\/","title":{"rendered":"La Fundaci\u00f3 Llegat Roca i Pi presenta la seva acci\u00f3 social i nous projectes a Badalona"},"content":{"rendered":"\n<p><strong><em>\u201cFem front a la vulnerabilitat a Badalona\u201d<\/em><\/strong> ha estat el t\u00edtol de l\u2019acte organitzat el 27 de setembre per la Fundaci\u00f3 Llegat Roca i Pi al Museu de Badalona on s\u2019ha presentat l\u2019acci\u00f3 social i projectes de la Fundaci\u00f3 Roca i Pi.<\/p>\n\n\n\n<p>L\u2019acte s\u2019ha obert amb una reflexi\u00f3 de la m\u00e0 de l\u2019educador i psic\u00f2leg <strong>Jaume Funes<\/strong>, ponent convidat que ha ofert una xerrada sobre les claus per millorar l\u2019acompanyament a persones en situaci\u00f3 de vulnerabilitat. En aquest sentit ha parlat de la import\u00e0ncia de fer possibles \u201cdesenvolupaments, felicitats i possibilitats de pertin\u00e8ncia\u201d, de \u201cconstruir oportunitats\u201d i sobre \u201caportar serenors a trav\u00e9s d\u2019espais de relaci\u00f3 respectuosos\u201d.<\/p>\n\n\n\n<p><strong><u>Llegat solidari i aliances amb entitats<\/u><\/strong><\/p>\n\n\n\n<p>D\u2019acord amb la missi\u00f3 d\u2019acompanyar persones en situaci\u00f3 de vulnerabilitat social i fam\u00edlies a Badalona i poblacions de l\u2019entorn, la Fundaci\u00f3 Llegat Roca i Pi va acompanyar durant l\u2019any 2022, sumant atenci\u00f3 directa i indirecta, a <strong>14.952 persones<\/strong>. A l\u2019acte al Museu de Badalona s\u2019ha destacat que l\u2019acompanyament a moltes d\u2019aquestes persones \u00e9s possible pel suport i ajut econ\u00f2mic a entitats de la ciutat que ofereix Roca i Pi a trav\u00e9s de convenis de col\u00b7laboraci\u00f3.<\/p>\n\n\n\n<p><strong>Mar Alsamora, cap d\u2019Acci\u00f3 Social de la Fundaci\u00f3 Roca i Pi, <\/strong>ha explicat tamb\u00e9 els <strong>projectes en alian\u00e7a<\/strong> amb entitats socials desenvolupats amb els objectius de fer front al <strong>sensellarisme<\/strong>, fomentar la <strong>inserci\u00f3 laboral i l\u2019habitatge per a persones grans aut\u00f2nomes en situaci\u00f3 de vulnerabilitat<\/strong>. C\u00e0ritas Diocesana de Barcelona, Sant Joan de D\u00e9u Serveis Socials, Formaci\u00f3 i Treball o la Fundaci\u00f3 Llars Compartides s\u00f3n les entitats amb qui s\u2019ha potenciat aquests projectes en alian\u00e7a durant els \u00faltims anys.<\/p>\n\n\n\n<p><strong><u>Ampliaci\u00f3 de projectes en alian\u00e7a existents i nous projectes<\/u><\/strong><\/p>\n\n\n\n<p>Amb l\u2019objectiu de poder arribar a m\u00e9s persones sumant expertesa amb altres entitats, <strong>aquest any 2023 han comen\u00e7at a materialitzar-se alguns <\/strong><strong>projectes en alian\u00e7a nous o s\u2019han ampliat alguns dels existents<\/strong>, principalment en l\u2019\u00e0mbit de l\u2019habitatge i acompanyament social relacionat.<\/p>\n\n\n\n<p>En concret, a l\u2019acte s\u2019han exposat alguns d\u2019aquests nous projectes, com el projecte \u201cFent Carrera\u201d adre\u00e7at a joves sense llar, on es treballa tamb\u00e9 el suport formatiu i la inserci\u00f3 laboral&nbsp; (8 persones, dins del Programa d\u2019Inclusi\u00f3 Bisbe Carrera). Tamb\u00e9 l\u2019ampliaci\u00f3 d\u2019habitatges per a gent gran aut\u00f2noma en situaci\u00f3 de vulnerabilitat (8 persones) o el projecte \u201cLlars Infusi\u00f3\u201d, on conviuen persones sense llar i amb discapacitat (6 persones).<\/p>\n\n\n\n<p><strong>M. Carmen Exp\u00f3sito, regidora de Serveis Socials,<\/strong> ha tancat l\u2019acte juntament amb Jaume Aymar, president del Patronat de Roca i Pi. La Regidora ha agra\u00eft la tasca de Roca i Pi i de les entitats socials de la ciutat i l\u2019acompanyament que realitzen a persones en situaci\u00f3 de vulnerabilitat<strong>. Jaume Aymar, president de Roca i Pi,<\/strong> ha destacat el comprom\u00eds de la Fundaci\u00f3 per les necessitats de les persones m\u00e9s vulnerables. Tamb\u00e9 que justament aquest acte ha coincidit amb el dia de Sant Vicen\u00e7 de Pa\u00fcl, que era el nom de Roca i Pi, i que l\u2019acci\u00f3 social de la Fundaci\u00f3 prov\u00e9 de la seva voluntat i el seu llegat solidari.<\/p>\n","protected":false},"excerpt":{"rendered":"<p>\u201cFem front a la vulnerabilitat a Badalona\u201d ha estat el t\u00edtol de l\u2019acte organitzat el 27 de setembre per la Fundaci\u00f3 Llegat Roca i Pi al Museu de Badalona on s\u2019ha presentat l\u2019acci\u00f3 social i projectes de la Fundaci\u00f3 Roca i Pi. L\u2019acte s\u2019ha obert amb una reflexi\u00f3 de la m\u00e0 de l\u2019educador i psic\u00f2leg [&hellip;]<\/p>\n","protected":false},"author":2,"featured_media":5797,"comment_status":"open","ping_status":"open","sticky":false,"template":"","format":"standard","meta":{"footnotes":""},"categories":[23,24],"tags":[],"class_list":{"0":"post-5796","1":"post","2":"type-post","3":"status-publish","4":"format-standard","5":"has-post-thumbnail","7":"category-actualitat","8":"category-societat"},"_links":{"self":[{"href":"https:\/\/areabadalona.com\/diario\/wp-json\/wp\/v2\/posts\/5796","targetHints":{"allow":["GET"]}}],"collection":[{"href":"https:\/\/areabadalona.com\/diario\/wp-json\/wp\/v2\/posts"}],"about":[{"href":"https:\/\/areabadalona.com\/diario\/wp-json\/wp\/v2\/types\/post"}],"author":[{"embeddable":true,"href":"https:\/\/areabadalona.com\/diario\/wp-json\/wp\/v2\/users\/2"}],"replies":[{"embeddable":true,"href":"https:\/\/areabadalona.com\/diario\/wp-json\/wp\/v2\/comments?post=5796"}],"version-history":[{"count":1,"href":"https:\/\/areabadalona.com\/diario\/wp-json\/wp\/v2\/posts\/5796\/revisions"}],"predecessor-version":[{"id":5798,"href":"https:\/\/areabadalona.com\/diario\/wp-json\/wp\/v2\/posts\/5796\/revisions\/5798"}],"wp:featuredmedia":[{"embeddable":true,"href":"https:\/\/areabadalona.com\/diario\/wp-json\/wp\/v2\/media\/5797"}],"wp:attachment":[{"href":"https:\/\/areabadalona.com\/diario\/wp-json\/wp\/v2\/media?parent=5796"}],"wp:term":[{"taxonomy":"category","embeddable":true,"href":"https:\/\/areabadalona.com\/diario\/wp-json\/wp\/v2\/categories?post=5796"},{"taxonomy":"post_tag","embeddable":true,"href":"https:\/\/areabadalona.com\/diario\/wp-json\/wp\/v2\/tags?post=5796"}],"curies":[{"name":"wp","href":"https:\/\/api.w.org\/{rel}","templated":true}]}}