{"id":5789,"date":"2023-09-28T07:56:31","date_gmt":"2023-09-28T07:56:31","guid":{"rendered":"https:\/\/areabadalona.com\/diario\/?p=5789"},"modified":"2023-09-28T07:56:32","modified_gmt":"2023-09-28T07:56:32","slug":"les-obres-de-construccio-del-viaducte-ferroviari-sobre-el-canal-del-port-comencaran-abans-que-finalitzi-lany","status":"publish","type":"post","link":"https:\/\/areabadalona.com\/diario\/2023\/09\/28\/les-obres-de-construccio-del-viaducte-ferroviari-sobre-el-canal-del-port-comencaran-abans-que-finalitzi-lany\/","title":{"rendered":"Les obres de construcci\u00f3 del viaducte ferroviari sobre el canal del Port comen\u00e7aran abans que finalitzi l\u2019any\u00a0"},"content":{"rendered":"\n<p>L\u2019alcalde de Badalona, Xavier Garcia Albiol, acompanyat pel tercer tinent d\u2019alcaldia i regidor de l\u2019\u00c0mbit de Territori i Sostenibilitat, Daniel Gracia, ha mantingut aquest mat\u00ed a Madrid una reuni\u00f3 amb la presidenta d\u2019Adif (<em>Administrador de Infraestructuras Ferroviarias<\/em>) Mar\u00eda Luisa Dom\u00ednguez Gonz\u00e1lez, amb l\u2019objectiu de fer possible que les obres de construcci\u00f3 del viaducte del ferrocarril previst sobre el canal del port de Badalona, entre els carrers de Ponent i Tortosa, s\u2019executin abans que finalitzi aquest any.&nbsp;<\/p>\n\n\n\n<p>La construcci\u00f3 d\u2019aquest viaducte de 180 metres de longitud permetr\u00e0 la continu\u00eftat de la l\u00ednia del ferrocarril, salvant el nou canal de Badalona, aix\u00ed com ha de permetre la millora de la connexi\u00f3 del Port i el front mar\u00edtim amb la resta de la ciutat. La construcci\u00f3 d\u2019aquest viaducte i de la rotonda de comunicaci\u00f3 del carrer de Ponent amb Eduard Maristany s\u00f3n claus per poder finalitzar la totalitat dels 350 metres del canal d\u2019aigua que s\u2019endinsa en la trama urbana, sent en el seu conjunt l\u2019obra m\u00e9s important des de la construcci\u00f3 del port l\u2019any 2003.&nbsp;<\/p>\n\n\n\n<p>Durant la reuni\u00f3 s\u2019ha fet seguiment i balan\u00e7 de l\u2019execuci\u00f3 del conveni del 26 de desembre de 2022 entre Adif, Ajuntament de Badalona i Marina Badalona amb el comprom\u00eds de fer possible abans que finalitzi l\u2019any s\u2019abordi la part final i m\u00e9s complexa que \u00e9s la construcci\u00f3 del viaducte de la l\u00ednia ferrovi\u00e0ria Barcelona-Matar\u00f3-Ma\u00e7anet-Massanes sobre el futur canal del Port de Badalona.&nbsp;<\/p>\n\n\n\n<p>L\u2019alcalde de Badalona, Xavier Garcia Albiol, ha destacat que: \u201chem trobat molt bona disposici\u00f3 per part de la presidenta d\u2019Adif i del seu equip i ens han traslladat el seu comprom\u00eds d\u2019aprovaci\u00f3 del projecte presentat per Marina Badalona i fer possible que abans que acabi l\u2019any comencin les obres del nou viaducte\u201d. L\u2019alcalde ha afegit que \u201camb el viaducte posarem fi a una de les obres m\u00e9s importants de transformaci\u00f3 de la ciutat, una obra que permetr\u00e0 acabar el canal de 350 del Gorg i que permetr\u00e0 als badalonins gaudir d\u2019un gran bulevard urb\u00e0 que s\u2019obrir\u00e0 al litoral\u201d.&nbsp;<\/p>\n\n\n\n<p>Segons el conveni entre Adif, l\u2019Ajuntament i Marina Badalona l\u2019execuci\u00f3 de les obres del viaducte ferroviari sobre el canal del Port de Badalona suposen una inversi\u00f3 de 18,8 milions d\u2019euros, dels quals Marina Badalona n\u2019aporta 10,5, l\u2019Ajuntament de Badalona 4,9 i Adif 3,3. El mateix conveni preveu una Comissi\u00f3 de seguiment formada per dos representants de cadascuna de les tres parts. El Consell d\u2019Administraci\u00f3 de Marina Badalona va aprovar el 31 de mar\u00e7 adjudicar aquestes obres a la Uni\u00f3 Temporal d\u2019Empreses (UTE) Comsa-Dragados.&nbsp;<\/p>\n","protected":false},"excerpt":{"rendered":"<p>L\u2019alcalde de Badalona, Xavier Garcia Albiol, acompanyat pel tercer tinent d\u2019alcaldia i regidor de l\u2019\u00c0mbit de Territori i Sostenibilitat, Daniel Gracia, ha mantingut aquest mat\u00ed a Madrid una reuni\u00f3 amb la presidenta d\u2019Adif (Administrador de Infraestructuras Ferroviarias) Mar\u00eda Luisa Dom\u00ednguez Gonz\u00e1lez, amb l\u2019objectiu de fer possible que les obres de construcci\u00f3 del viaducte del ferrocarril [&hellip;]<\/p>\n","protected":false},"author":2,"featured_media":5790,"comment_status":"open","ping_status":"open","sticky":false,"template":"","format":"standard","meta":{"footnotes":""},"categories":[23],"tags":[],"class_list":{"0":"post-5789","1":"post","2":"type-post","3":"status-publish","4":"format-standard","5":"has-post-thumbnail","7":"category-actualitat"},"_links":{"self":[{"href":"https:\/\/areabadalona.com\/diario\/wp-json\/wp\/v2\/posts\/5789","targetHints":{"allow":["GET"]}}],"collection":[{"href":"https:\/\/areabadalona.com\/diario\/wp-json\/wp\/v2\/posts"}],"about":[{"href":"https:\/\/areabadalona.com\/diario\/wp-json\/wp\/v2\/types\/post"}],"author":[{"embeddable":true,"href":"https:\/\/areabadalona.com\/diario\/wp-json\/wp\/v2\/users\/2"}],"replies":[{"embeddable":true,"href":"https:\/\/areabadalona.com\/diario\/wp-json\/wp\/v2\/comments?post=5789"}],"version-history":[{"count":1,"href":"https:\/\/areabadalona.com\/diario\/wp-json\/wp\/v2\/posts\/5789\/revisions"}],"predecessor-version":[{"id":5791,"href":"https:\/\/areabadalona.com\/diario\/wp-json\/wp\/v2\/posts\/5789\/revisions\/5791"}],"wp:featuredmedia":[{"embeddable":true,"href":"https:\/\/areabadalona.com\/diario\/wp-json\/wp\/v2\/media\/5790"}],"wp:attachment":[{"href":"https:\/\/areabadalona.com\/diario\/wp-json\/wp\/v2\/media?parent=5789"}],"wp:term":[{"taxonomy":"category","embeddable":true,"href":"https:\/\/areabadalona.com\/diario\/wp-json\/wp\/v2\/categories?post=5789"},{"taxonomy":"post_tag","embeddable":true,"href":"https:\/\/areabadalona.com\/diario\/wp-json\/wp\/v2\/tags?post=5789"}],"curies":[{"name":"wp","href":"https:\/\/api.w.org\/{rel}","templated":true}]}}