{"id":5786,"date":"2023-09-27T07:54:33","date_gmt":"2023-09-27T07:54:33","guid":{"rendered":"https:\/\/areabadalona.com\/diario\/?p=5786"},"modified":"2023-09-28T07:55:12","modified_gmt":"2023-09-28T07:55:12","slug":"la-jnc-celebra-la-refundacio-del-nou-col%c2%b7lectiu-a-badalona","status":"publish","type":"post","link":"https:\/\/areabadalona.com\/diario\/2023\/09\/27\/la-jnc-celebra-la-refundacio-del-nou-col%c2%b7lectiu-a-badalona\/","title":{"rendered":"La JNC celebra la refundaci\u00f3 del nou col\u00b7lectiu a Badalona\u00a0"},"content":{"rendered":"\n<p>Avui, s\u2019ha celebrat l\u2019acte de reconstituci\u00f3 de la Joventut Nacionalista de Catalunya (JNC) a la ciutat de Badalona on s\u2019han aplegat a diversos membres de la JNC i de Junts per Badalona.&nbsp;<\/p>\n\n\n\n<p>Aquest esdeveniment ha comptat amb la pres\u00e8ncia destacada del secretari d\u2019organitzaci\u00f3 de Junts per Catalunya, David Torrents, el cap local de Junts per Badalona, Marc Alom\u00e0, el cap comarcal de Junts, David Ramey, i la secret\u00e0ria general de la JNC, Ariadna Urroz.&nbsp;<\/p>\n\n\n\n<p>L&#8217;acte ha servit per elegir a Joan P\u00e1ramo com a nou cap comarcal i local de la JNC, un pas significatiu en la revitalitzaci\u00f3 i reorganitzaci\u00f3 del moviment independentista juvenil a Badalona.&nbsp;<\/p>\n\n\n\n<p>Marc Alom\u00e0, cap local de Badalona, ha donat la benvinguda a la JNC a la ciutat i ha valorat la contribuci\u00f3 dels nous membres en nom de l&#8217;executiva de Junts a Badalona.&nbsp;&nbsp;<\/p>\n\n\n\n<p>&nbsp;Joan P\u00e1ramo, el nou cap comarcal i local de la JNC, ha expressat els reptes de l\u2019entitat de cara al nou repte que entoma: \u00abEl nostre objectiu \u00e9s recuperar la milit\u00e0ncia a la ciutat, extendre la JNC a la comarca i fer sentir la nostra veu.\u00bb&nbsp;<\/p>\n\n\n\n<p>Per la seva banda, la secretaria general de la JNC, Arianda Urroz, ha agra\u00eft la determinaci\u00f3 de Joan P\u00e0ramo i ha celebrat que la JNC tingui oficialment pres\u00e8ncia a totes les comarques de la Vegueria de Comarques de Barcelona.&nbsp;&nbsp;<\/p>\n","protected":false},"excerpt":{"rendered":"<p>Avui, s\u2019ha celebrat l\u2019acte de reconstituci\u00f3 de la Joventut Nacionalista de Catalunya (JNC) a la ciutat de Badalona on s\u2019han aplegat a diversos membres de la JNC i de Junts per Badalona.&nbsp; Aquest esdeveniment ha comptat amb la pres\u00e8ncia destacada del secretari d\u2019organitzaci\u00f3 de Junts per Catalunya, David Torrents, el cap local de Junts per [&hellip;]<\/p>\n","protected":false},"author":2,"featured_media":5787,"comment_status":"open","ping_status":"open","sticky":false,"template":"","format":"standard","meta":{"footnotes":""},"categories":[23],"tags":[],"class_list":{"0":"post-5786","1":"post","2":"type-post","3":"status-publish","4":"format-standard","5":"has-post-thumbnail","7":"category-actualitat"},"_links":{"self":[{"href":"https:\/\/areabadalona.com\/diario\/wp-json\/wp\/v2\/posts\/5786","targetHints":{"allow":["GET"]}}],"collection":[{"href":"https:\/\/areabadalona.com\/diario\/wp-json\/wp\/v2\/posts"}],"about":[{"href":"https:\/\/areabadalona.com\/diario\/wp-json\/wp\/v2\/types\/post"}],"author":[{"embeddable":true,"href":"https:\/\/areabadalona.com\/diario\/wp-json\/wp\/v2\/users\/2"}],"replies":[{"embeddable":true,"href":"https:\/\/areabadalona.com\/diario\/wp-json\/wp\/v2\/comments?post=5786"}],"version-history":[{"count":1,"href":"https:\/\/areabadalona.com\/diario\/wp-json\/wp\/v2\/posts\/5786\/revisions"}],"predecessor-version":[{"id":5788,"href":"https:\/\/areabadalona.com\/diario\/wp-json\/wp\/v2\/posts\/5786\/revisions\/5788"}],"wp:featuredmedia":[{"embeddable":true,"href":"https:\/\/areabadalona.com\/diario\/wp-json\/wp\/v2\/media\/5787"}],"wp:attachment":[{"href":"https:\/\/areabadalona.com\/diario\/wp-json\/wp\/v2\/media?parent=5786"}],"wp:term":[{"taxonomy":"category","embeddable":true,"href":"https:\/\/areabadalona.com\/diario\/wp-json\/wp\/v2\/categories?post=5786"},{"taxonomy":"post_tag","embeddable":true,"href":"https:\/\/areabadalona.com\/diario\/wp-json\/wp\/v2\/tags?post=5786"}],"curies":[{"name":"wp","href":"https:\/\/api.w.org\/{rel}","templated":true}]}}