{"id":5783,"date":"2023-09-28T07:51:07","date_gmt":"2023-09-28T07:51:07","guid":{"rendered":"https:\/\/areabadalona.com\/diario\/?p=5783"},"modified":"2023-09-28T07:51:08","modified_gmt":"2023-09-28T07:51:08","slug":"fernado-carrera-albiol-encendra-65-mil-llums-leds-aquest-nadal-pero-es-incapac-darreglar-els-semafors","status":"publish","type":"post","link":"https:\/\/areabadalona.com\/diario\/2023\/09\/28\/fernado-carrera-albiol-encendra-65-mil-llums-leds-aquest-nadal-pero-es-incapac-darreglar-els-semafors\/","title":{"rendered":"Fernado\u00a0Carrera: \u00abAlbiol encendr\u00e0 65 mil llums leds aquest Nadal, per\u00f2 \u00e9s incapa\u00e7 d&#8217;arreglar els sem\u00e0fors\u00bb"},"content":{"rendered":"\n<p>El Partit dels Socialistes de Badalona ha constatat, durant els darrers dies, que diverses cru\u00eflles de sem\u00e0fors de la ciutat no funcionen, estem parlant de diversos punts importants des de la Pla\u00e7a Pompeu Fabra, al carrer Antoni Bori, al barri del Gorg, Sant Roc o Montigal\u00e0. Diversos&nbsp;ve\u00efns ens han fet arribar les seves queixes de qu\u00e8 aquests sem\u00e0fors no funcionen.<\/p>\n\n\n\n<p>El\u00a0president\u00a0del Grup Municipal Socialista, Fernando Carrera, ha demanat al govern del PP que arregli urgentment aquells sem\u00e0fors que no funcionen correctament. Carrera ha advertit que les avaries d&#8217;aquests sem\u00e0fors s\u00f3n un perill per als vianants i vehicles.<\/p>\n\n\n\n<p>Per concloure, el\u00a0president\u00a0del grup municipal, Fernando Carrera considera que l&#8217;alcalde, Xavier Garcia Albiol, \u00ab\u00e9s incapa\u00e7 d&#8217;arreglar els sem\u00e0fors de diverses cru\u00eflles de Badalona, per\u00f2, en canvi,\u00a0la ciutat tindr\u00e0 65.000\u00a0llums leds\u00a0en un arbre de Nadal\u00bb.<\/p>\n","protected":false},"excerpt":{"rendered":"<p>El Partit dels Socialistes de Badalona ha constatat, durant els darrers dies, que diverses cru\u00eflles de sem\u00e0fors de la ciutat no funcionen, estem parlant de diversos punts importants des de la Pla\u00e7a Pompeu Fabra, al carrer Antoni Bori, al barri del Gorg, Sant Roc o Montigal\u00e0. Diversos&nbsp;ve\u00efns ens han fet arribar les seves queixes de [&hellip;]<\/p>\n","protected":false},"author":2,"featured_media":5784,"comment_status":"open","ping_status":"open","sticky":false,"template":"","format":"standard","meta":{"footnotes":""},"categories":[23],"tags":[],"class_list":{"0":"post-5783","1":"post","2":"type-post","3":"status-publish","4":"format-standard","5":"has-post-thumbnail","7":"category-actualitat"},"_links":{"self":[{"href":"https:\/\/areabadalona.com\/diario\/wp-json\/wp\/v2\/posts\/5783","targetHints":{"allow":["GET"]}}],"collection":[{"href":"https:\/\/areabadalona.com\/diario\/wp-json\/wp\/v2\/posts"}],"about":[{"href":"https:\/\/areabadalona.com\/diario\/wp-json\/wp\/v2\/types\/post"}],"author":[{"embeddable":true,"href":"https:\/\/areabadalona.com\/diario\/wp-json\/wp\/v2\/users\/2"}],"replies":[{"embeddable":true,"href":"https:\/\/areabadalona.com\/diario\/wp-json\/wp\/v2\/comments?post=5783"}],"version-history":[{"count":1,"href":"https:\/\/areabadalona.com\/diario\/wp-json\/wp\/v2\/posts\/5783\/revisions"}],"predecessor-version":[{"id":5785,"href":"https:\/\/areabadalona.com\/diario\/wp-json\/wp\/v2\/posts\/5783\/revisions\/5785"}],"wp:featuredmedia":[{"embeddable":true,"href":"https:\/\/areabadalona.com\/diario\/wp-json\/wp\/v2\/media\/5784"}],"wp:attachment":[{"href":"https:\/\/areabadalona.com\/diario\/wp-json\/wp\/v2\/media?parent=5783"}],"wp:term":[{"taxonomy":"category","embeddable":true,"href":"https:\/\/areabadalona.com\/diario\/wp-json\/wp\/v2\/categories?post=5783"},{"taxonomy":"post_tag","embeddable":true,"href":"https:\/\/areabadalona.com\/diario\/wp-json\/wp\/v2\/tags?post=5783"}],"curies":[{"name":"wp","href":"https:\/\/api.w.org\/{rel}","templated":true}]}}