{"id":5780,"date":"2023-09-27T10:35:53","date_gmt":"2023-09-27T10:35:53","guid":{"rendered":"https:\/\/areabadalona.com\/diario\/?p=5780"},"modified":"2023-09-27T10:35:54","modified_gmt":"2023-09-27T10:35:54","slug":"comenca-la-campanya-de-vacunacio-escolar-a-badalona","status":"publish","type":"post","link":"https:\/\/areabadalona.com\/diario\/2023\/09\/27\/comenca-la-campanya-de-vacunacio-escolar-a-badalona\/","title":{"rendered":"Comen\u00e7a la campanya de vacunaci\u00f3 escolar a Badalona \u00a0"},"content":{"rendered":"\n<p>Com cada any, i coincidint amb l\u2019inici del curs escolar, el Departament de Salut de la Generalitat administrar\u00e0, a trav\u00e9s dels equips d\u2019atenci\u00f3 prim\u00e0ria de Badalona, les vacunes als alumnes als centres escolars de 6\u00e8 de prim\u00e0ria segons el calendari de vacunacions vigent a Catalunya. A partir del mes de mar\u00e7 tamb\u00e9 es vacunar\u00e0 l\u2019alumnat de l\u2019Educaci\u00f3 secund\u00e0ria obligat\u00f2ria (ESO).&nbsp;<\/p>\n\n\n\n<p>La vacunaci\u00f3 \u00e9s la millor opci\u00f3 per a la prevenci\u00f3 i el control de les malalties incloses en el calendari de vacunacions, i la millor alternativa tant per a la salut individual com per a la salut de la comunitat, a m\u00e9s de ser un dret de la ciutadania.&nbsp;<\/p>\n\n\n\n<p>Les vacunes que s\u2019administraran a sis\u00e8 curs de prim\u00e0ria s\u00f3n:&nbsp;<\/p>\n\n\n\n<ul class=\"wp-block-list\">\n<li>Vacuna contra el virus del papil\u00b7loma hum\u00e0 (vacuna VPH), en dues dosis, a nens i nenes.-&nbsp;Vacuna contra el virus de l\u2019hepatitis A, en dues dosis. En el cas que el nen\/a estigui vacunat\/da amb una dosi anterior (als 6 anys), se li administrar\u00e0 \u00fanicament la segona dosi per finalitzar la pauta.&nbsp;<\/li>\n<\/ul>\n\n\n\n<ul class=\"wp-block-list\">\n<li>Vacuna contra la varicel\u00b7la, que s\u2019administra en dues dosis als nens i nenes que no hagin passat la malaltia ni hagin estat vacunats. En el cas que el nen\/a estigui vacunat\/da amb una dosi, se li administrar\u00e0 la segona.&nbsp;<\/li>\n<\/ul>\n\n\n\n<ul class=\"wp-block-list\">\n<li>Vacuna contra el meningococ (ACWY) conjugada, en una \u00fanica dosi als nens i nenes, si no l\u2019han rebut despr\u00e9s dels 10 anys, i independentment de les dosis administrades de la vacuna contra el meningococ C conjugada (vacuna MC).&nbsp;<\/li>\n<\/ul>\n\n\n\n<p>Aquest \u00e9s el segon curs que s\u2019inclou la vacunaci\u00f3 contra el virus del papil\u00b7loma hum\u00e0 (vacuna VPH) tamb\u00e9 als nens (abans nom\u00e9s s\u2019administrava a les nenes). Amb aquesta mesura, es garanteix l\u2019acc\u00e9s a la vacuna de manera equitativa per a la prevenci\u00f3 de la malaltia associada a la infecci\u00f3 per VPH. Respecte a la infecci\u00f3 per VPH, s\u2019estima que la probabilitat d\u2019infectar-se al llarg de la vida a partir dels 15 anys \u00e9s del 84,6% en dones i del 91,3% en els homes. Per aquest motiu \u00e9s important vacunar abans d\u2019aquesta edat. Tot i aix\u00f2, el 90% d\u2019aquestes infeccions s\u00f3n transit\u00f2ries i es resolen durant els dos anys posteriors a la infecci\u00f3.&nbsp;<\/p>\n\n\n\n<p>La vacunaci\u00f3 en nens t\u00e9 un impacte directe de protecci\u00f3 contra la infecci\u00f3 produ\u00efda per VPH i evitar aix\u00ed c\u00e0ncers a la zona genital i en altres localitzacions. Addicionalment, la vacunaci\u00f3 en nens t\u00e9 un potencial impacte indirecte al disminuir la possible transmissi\u00f3 de la infecci\u00f3. En nenes, la vacunaci\u00f3 \u00e9s la manera m\u00e9s efica\u00e7 de prevenir la majoria de les infeccions causades per alguns tipus de VPH i forma part de les estrat\u00e8gies de prevenci\u00f3 del c\u00e0ncer de c\u00e8rvix, tot i que no pot substituir la prevenci\u00f3 secund\u00e0ria, ja que hi ha una petita proporci\u00f3 de c\u00e0ncers de c\u00e8rvix causats per virus del papil\u00b7loma no inclosos a la vacuna (un 12% aproximadament).&nbsp;<\/p>\n\n\n\n<p>\u00c9s molt important que tant les noies vacunades com les no vacunades facin les revisions peri\u00f2diques en arribar a l\u2019edat recomanada. Tamb\u00e9 cal recordar la import\u00e0ncia d\u2019utilitzar sempre el preservatiu per evitar qualsevol tipus d\u2019infecci\u00f3 de transmissi\u00f3 sexual.&nbsp;<\/p>\n\n\n\n<p>L\u2019objectiu de la vacunaci\u00f3 al centre escolar \u00e9s facilitar-ne l\u2019acc\u00e9s i continuar amb el calendari de vacunacions que s\u2019inicia a la inf\u00e0ncia. Aconseguir que el m\u00e0xim nombre de persones es vacunin ajuda a controlar la transmissi\u00f3 de les malalties i a protegir les persones m\u00e9s vulnerables.&nbsp;<\/p>\n\n\n\n<p>Per aquest motiu, \u00e9s molt important la col\u00b7laboraci\u00f3 de les fam\u00edlies i la comunitat. S\u2019establiran les mesures de seguretat i higiene que corresponguin, en funci\u00f3 de la situaci\u00f3 epidemiol\u00f2gica del moment, per tal de poder desenvolupar amb normalitat la vacunaci\u00f3 als centres escolars.&nbsp;<\/p>\n\n\n\n<p>Amb relaci\u00f3 a la vacunaci\u00f3 dels alumnes que han tingut la infecci\u00f3 per COVID19, cal tenir en compte que no es coneixen contraindicacions m\u00e8diques per vacunar persones que han superat aquesta infecci\u00f3. No s\u2019ha establert cap interval de temps entre la infecci\u00f3 per SARS-CoV-2 i l\u2019administraci\u00f3 de vacunes (a excepci\u00f3 de les vacunes contra la COVID-19). Tanmateix, es recomana posposar la vacunaci\u00f3 fins que s\u2019hagi resolt el quadre cl\u00ednic.&nbsp;<\/p>\n\n\n\n<p>En general, totes aquestes vacunes es toleren b\u00e9 malgrat que poden causar mol\u00e8sties locals (inflamaci\u00f3 i envermelliment en el lloc de la punci\u00f3) o malestar general (febre, desmais o mal de cap). Pr\u00e0cticament mai no produeixen efectes adversos greus. Cal recordar que despr\u00e9s de l\u2019administraci\u00f3 de vacunes es pot fer activitat normal, tot i que s\u2019aconsella evitar la pr\u00e0ctica d\u2019exercici f\u00edsic intens durant les quatre hores posteriors.&nbsp;<\/p>\n\n\n\n<p>La campanya a 6\u00e8 de prim\u00e0ria a Badalona est\u00e0 prevista iniciar-se aquesta setmana. Les fam\u00edlies han hagut de rebre tota la informaci\u00f3 i els tr\u00e0mits de l\u2019autoritzaci\u00f3 a trav\u00e9s de l\u2019escola, per l\u2019Equip d\u2019Atenci\u00f3 Prim\u00e0ria de Salut de refer\u00e8ncia a l\u2019escola.&nbsp;<\/p>\n\n\n\n<p>I a partir del mes de mar\u00e7 tamb\u00e9 s\u2019administrar\u00e0, a segon curs de l\u2019Educaci\u00f3 secund\u00e0ria obligat\u00f2ria (ESO), la vacuna contra el t\u00e8tanus i la dift\u00e8ria completant aix\u00ed la vacunaci\u00f3 als centres educatius de la ciutat.&nbsp;<\/p>\n","protected":false},"excerpt":{"rendered":"<p>Com cada any, i coincidint amb l\u2019inici del curs escolar, el Departament de Salut de la Generalitat administrar\u00e0, a trav\u00e9s dels equips d\u2019atenci\u00f3 prim\u00e0ria de Badalona, les vacunes als alumnes als centres escolars de 6\u00e8 de prim\u00e0ria segons el calendari de vacunacions vigent a Catalunya. A partir del mes de mar\u00e7 tamb\u00e9 es vacunar\u00e0 l\u2019alumnat [&hellip;]<\/p>\n","protected":false},"author":2,"featured_media":5781,"comment_status":"open","ping_status":"open","sticky":false,"template":"","format":"standard","meta":{"footnotes":""},"categories":[23,24],"tags":[],"class_list":{"0":"post-5780","1":"post","2":"type-post","3":"status-publish","4":"format-standard","5":"has-post-thumbnail","7":"category-actualitat","8":"category-societat"},"_links":{"self":[{"href":"https:\/\/areabadalona.com\/diario\/wp-json\/wp\/v2\/posts\/5780","targetHints":{"allow":["GET"]}}],"collection":[{"href":"https:\/\/areabadalona.com\/diario\/wp-json\/wp\/v2\/posts"}],"about":[{"href":"https:\/\/areabadalona.com\/diario\/wp-json\/wp\/v2\/types\/post"}],"author":[{"embeddable":true,"href":"https:\/\/areabadalona.com\/diario\/wp-json\/wp\/v2\/users\/2"}],"replies":[{"embeddable":true,"href":"https:\/\/areabadalona.com\/diario\/wp-json\/wp\/v2\/comments?post=5780"}],"version-history":[{"count":1,"href":"https:\/\/areabadalona.com\/diario\/wp-json\/wp\/v2\/posts\/5780\/revisions"}],"predecessor-version":[{"id":5782,"href":"https:\/\/areabadalona.com\/diario\/wp-json\/wp\/v2\/posts\/5780\/revisions\/5782"}],"wp:featuredmedia":[{"embeddable":true,"href":"https:\/\/areabadalona.com\/diario\/wp-json\/wp\/v2\/media\/5781"}],"wp:attachment":[{"href":"https:\/\/areabadalona.com\/diario\/wp-json\/wp\/v2\/media?parent=5780"}],"wp:term":[{"taxonomy":"category","embeddable":true,"href":"https:\/\/areabadalona.com\/diario\/wp-json\/wp\/v2\/categories?post=5780"},{"taxonomy":"post_tag","embeddable":true,"href":"https:\/\/areabadalona.com\/diario\/wp-json\/wp\/v2\/tags?post=5780"}],"curies":[{"name":"wp","href":"https:\/\/api.w.org\/{rel}","templated":true}]}}