{"id":5777,"date":"2023-09-27T08:07:19","date_gmt":"2023-09-27T08:07:19","guid":{"rendered":"https:\/\/areabadalona.com\/diario\/?p=5777"},"modified":"2023-09-27T08:07:20","modified_gmt":"2023-09-27T08:07:20","slug":"lajuntament-de-badalona-organitza-activitats-complementaries-a-lexposicio-50-anys-cami-escultures-que-acull-la-sala-josep-ucles-per-celebrar-el-cinquantenari-de-l","status":"publish","type":"post","link":"https:\/\/areabadalona.com\/diario\/2023\/09\/27\/lajuntament-de-badalona-organitza-activitats-complementaries-a-lexposicio-50-anys-cami-escultures-que-acull-la-sala-josep-ucles-per-celebrar-el-cinquantenari-de-l\/","title":{"rendered":"L\u2019Ajuntament de Badalona organitza activitats complement\u00e0ries a l\u2019exposici\u00f3 \u201c50 anys. CAM\u00cd. Escultures\u201d que acull la Sala Josep Ucl\u00e9s per celebrar el cinquantenari de l\u2019obra de Josep Mar\u00eda Cam\u00ed\u00a0"},"content":{"rendered":"\n<p><strong>\u201c50 anys. CAM\u00cd. Escultures\u201d<\/strong> \u00e9s l\u2019exposici\u00f3 que el Museu de Badalona i la Sala Josep Ucl\u00e9s presenten per celebrar el cinquantenari de la dedicaci\u00f3 de Josep Maria Cam\u00ed a l\u2019escultura. A m\u00e9s de l\u2019exposici\u00f3 d\u2019obres amb una cronologia que va des del 1973 fins al 2014, que es pot visitar a la sala Josep Ucl\u00e9s fins al 12 de novembre, hi ha programades una s\u00e8rie de visites i d\u2019activitats paral\u00b7leles obertes al p\u00fablic.&nbsp;<\/p>\n\n\n\n<p>Les obres exposades a la sala Josep Ucl\u00e9s, situada al Centre Cultural el Carme al carrer de Francesc Layret 78-82, es mostren acompanyades en alguns casos de poemes d\u2019autors que han col\u00b7laborat habitualment amb l\u2019artista, com ara: J.M. Calleja, Coloma Lleal i M\u00e0rius Sampere. Josep M. Teixid\u00f3 Cam\u00ed, o simplement Cam\u00ed, va n\u00e9ixer el 1947 a l\u2019Espluga Calba (les Garrigues). Des del 1965 viu i treballa l&#8217;escultura a Badalona. Des de l\u2019any 1982 i fins el 2020 ha exhibit les seves escultures de pedra, fusta, ferro, materials org\u00e0nics i la combinaci\u00f3 d&#8217;aquests, en trenta-tres exposicions individuals i en m\u00e9s de cent trenta exposicions col\u00b7lectives en galeries privades i espais p\u00fablics.&nbsp;<\/p>\n\n\n\n<p>A banda de l\u2019exposici\u00f3, el programa d\u2019activitats complement\u00e0ries a la Sala Josep Ucl\u00e9s \u00e9s el seg\u00fcent:&nbsp;<\/p>\n\n\n\n<p><strong>Dijous 28 de setembre<\/strong>, a les 17.30 hores&nbsp;<\/p>\n\n\n\n<p>Escultura amb <strong>&#8216;l&#8217;Hora del conte&#8217;<\/strong> de la Xarxa Municipal de Biblioteques de Badalona &#8211; <strong>&#8217;50 anys. Cam\u00ed. Escultures&#8217;<\/strong>&nbsp;<\/p>\n\n\n\n<p>Hora del conte <em>Estimat Greenpeace<\/em> de la Xarxa Municipal de Biblioteques de Badalona, per Josep M. Cam\u00ed. Un conte que ha inspirat l&#8217;escultor Cam\u00ed per a realitzar l&#8217;escultura hom\u00f2nima de 1997. Precisament, l&#8217;escultura es troba exposada ara la Sala Josep Ucl\u00e9s.&nbsp;<\/p>\n\n\n\n<p>L&#8217;activitat inclou una interacci\u00f3 amb les escultures de l&#8217;exposici\u00f3. Activitat i visita per a fam\u00edlies, a c\u00e0rrec de Josep M. Cam\u00ed. &nbsp;<\/p>\n\n\n\n<p><strong>Diumenge 15 d\u2019octubre<\/strong>, a les 12.30 hores&nbsp;<\/p>\n\n\n\n<p><strong>Escultura i CAN\u00c7\u00d3<\/strong> amb el quartet de veu Metropolitan Union, guanyadors del premi millor quartet novell en la competici\u00f3 nacional &#8216;En harmonia 2023&#8217;. Quartet fundat a Granollers l\u2019any 2013, per Mart\u00ed Do\u00f1ate; actualment est\u00e0 format per Daniel Morales (tenor), Mart\u00ed Do\u00f1ate (Lead), German de la Riva (Baix) i Joan Mas (Bar\u00edton).&nbsp;<\/p>\n\n\n\n<p>Cal inscripci\u00f3 pr\u00e8via (gratu\u00efta) a trav\u00e9s de l\u2019Agenda Cultural: <a href=\"https:\/\/agendacultural.badalona.cat\/esdeveniment\/escultura-i-can-exposici-50-anys-cam-escultures\">https:\/\/agendacultural.badalona.cat\/esdeveniment\/escultura-i-can-exposici-50-anys-cam-escultures<\/a>&nbsp;<\/p>\n\n\n\n<p><strong>Dissabte 28 d\u2019octubre<\/strong>, a les 19 hores&nbsp;<\/p>\n\n\n\n<p><strong>Escultura, PARAULA I CANT<\/strong>, amb poemes del llibre &#8216;TRETZE poetes + UN escultor&#8217; recitats per Clara Fiol&nbsp;<\/p>\n\n\n\n<p>Lectura de poemes del llibre <strong><em>TRETZE poetes + UN escultor<\/em><\/strong> amb la veu de Clara Fiol, poeta i integrant del trio vocal Marala. En aquest llibre, les escultures de Josep M. Cam\u00ed dialoguen amb els poemes de Jordi Valls, Bel Granya, M. Ant\u00f2nia Massanet, Paco Fan\u00e9s, Marc Romera, Joan Puche, Odile Arqu\u00e9, JM Calleja, Eduard Sanahuja, Clara Fiol, Jos\u00e9 A. Arcediano, Coloma Lleal i M\u00e0rius Sampere. Segons explica Josep M. Cam\u00ed: \u00abaquest llibre, m\u00e9s o menys, ha sortit aix\u00ed: Abans de la pand\u00e8mia vaig demanar a tretze poetes que freq\u00fcentaven el tallerBDN que triessin una de les meves escultures i li dediquessin un poema. Aqu\u00ed est\u00e0 la seva tria amb el seu poema\u00bb.&nbsp;<\/p>\n\n\n\n<p>Cal inscripci\u00f3 pr\u00e8via (gratu\u00efta) a trav\u00e9s de l\u2019Agenda Cultural: <a href=\"https:\/\/agendacultural.badalona.cat\/esdeveniment\/escultura-paraula-i-cant-exposici-50-anys-cam-escultures\">https:\/\/agendacultural.badalona.cat\/esdeveniment\/escultura-paraula-i-cant-exposici-50-anys-cam-escultures<\/a>&nbsp;<\/p>\n\n\n\n<p><strong>Dimecres 8 de novembre<\/strong>, a les 19 hores&nbsp;<\/p>\n\n\n\n<p><strong>Escultura i DANSA amb l\u2019acci\u00f3 d\u2019Aina Gallardo&nbsp;<\/strong><\/p>\n\n\n\n<p>Escultura i dansa, amb l&#8217;acci\u00f3 de la ballarina Aina Gargallo. Nascuda a Matar\u00f3, l\u2019Aina inicia els seus estudis professionals de dansa al Conservatori de Shenandoah University, Virginia (EE.UU.) i continua la seva formaci\u00f3 a la Northern School of Contemporary Dance de Leeds (Regne Unit) on es gradua en dansa contempor\u00e0nia. Aina&nbsp; Gargallo actualment balla a Carmina Burana de Crea Dance dirigida per Marta Rovira.&nbsp;<\/p>\n\n\n\n<p>Cal inscripci\u00f3 pr\u00e8via (gratu\u00efta) a trav\u00e9s de l\u2019Agenda Cultural:&nbsp;<\/p>\n\n\n\n<p><a href=\"https:\/\/agendacultural.badalona.cat\/esdeveniment\/escultura-i-dansa-exposici-50-anys-cam-escultures\">https:\/\/agendacultural.badalona.cat\/esdeveniment\/escultura-i-dansa-exposici-50-anys-cam-escultures<\/a><\/p>\n\n\n\n<p><strong>Divendres 13 d\u2019octubre<\/strong>, a les 18 hores&nbsp;<\/p>\n\n\n\n<p><strong>Visita guiada<\/strong> a l\u2019exposici\u00f3 &#8217;50 anys. Cam\u00ed. Escultures&#8217; amb el comissari de l&#8217;exposici\u00f3, Josep Duran, i el mateix Josep Maria Cam\u00ed. &nbsp;<\/p>\n\n\n\n<p>Cal inscripci\u00f3 pr\u00e8via (gratu\u00efta) a trav\u00e9s de l\u2019Agenda Cultural: <a href=\"https:\/\/agendacultural.badalona.cat\/esdeveniment\/visita-guiada-a-l-exposici-50-anys-cam-escultures-13-d-octubre\">https:\/\/agendacultural.badalona.cat\/esdeveniment\/visita-guiada-a-l-exposici-50-anys-cam-escultures-13-d-octubre<\/a>&nbsp;<\/p>\n\n\n\n<p><strong>Diumenge 22 d\u2019octubre<\/strong>, a les 11 hores&nbsp;<\/p>\n\n\n\n<p><strong>Visita guiada<\/strong> a l\u2019exposici\u00f3 &#8217;50 anys. Cam\u00ed. Escultures&#8217; amb la participaci\u00f3 de poetes i el comissari de l&#8217;exposici\u00f3, Josep Duran, i el mateix Josep Maria Cam\u00ed. &nbsp;<\/p>\n\n\n\n<p>Cal inscripci\u00f3 pr\u00e8via (gratu\u00efta) a trav\u00e9s de l\u2019Agenda Cultural: <a href=\"https:\/\/agendacultural.badalona.cat\/esdeveniment\/visita-guiada-a-l-exposici-50-anys-cam-escultures-amb-els-poetes\">https:\/\/agendacultural.badalona.cat\/esdeveniment\/visita-guiada-a-l-exposici-50-anys-cam-escultures-amb-els-poetes<\/a>&nbsp;<\/p>\n\n\n\n<p>L\u2019exposici\u00f3 <strong>50 anys. CAM\u00cd. escultures<\/strong> es pot visitar a la Sala Josep Ucl\u00e9s de dimarts a divendres; de 16.30 a 20 hores; dissabtes, d&#8217;11 a 14 hores i de 16.30 a 20 hores; i diumenges i festius, d&#8217;11 a 14 h. I al Museu de Badalona de dimarts a dissabte, de 10 a 14 h i de 16 a 20 h, diumenges i festius de 10 a 14 hores.&nbsp;<\/p>\n","protected":false},"excerpt":{"rendered":"<p>\u201c50 anys. CAM\u00cd. Escultures\u201d \u00e9s l\u2019exposici\u00f3 que el Museu de Badalona i la Sala Josep Ucl\u00e9s presenten per celebrar el cinquantenari de la dedicaci\u00f3 de Josep Maria Cam\u00ed a l\u2019escultura. A m\u00e9s de l\u2019exposici\u00f3 d\u2019obres amb una cronologia que va des del 1973 fins al 2014, que es pot visitar a la sala Josep Ucl\u00e9s [&hellip;]<\/p>\n","protected":false},"author":2,"featured_media":5778,"comment_status":"open","ping_status":"open","sticky":false,"template":"","format":"standard","meta":{"footnotes":""},"categories":[25],"tags":[],"class_list":{"0":"post-5777","1":"post","2":"type-post","3":"status-publish","4":"format-standard","5":"has-post-thumbnail","7":"category-cultura"},"_links":{"self":[{"href":"https:\/\/areabadalona.com\/diario\/wp-json\/wp\/v2\/posts\/5777","targetHints":{"allow":["GET"]}}],"collection":[{"href":"https:\/\/areabadalona.com\/diario\/wp-json\/wp\/v2\/posts"}],"about":[{"href":"https:\/\/areabadalona.com\/diario\/wp-json\/wp\/v2\/types\/post"}],"author":[{"embeddable":true,"href":"https:\/\/areabadalona.com\/diario\/wp-json\/wp\/v2\/users\/2"}],"replies":[{"embeddable":true,"href":"https:\/\/areabadalona.com\/diario\/wp-json\/wp\/v2\/comments?post=5777"}],"version-history":[{"count":1,"href":"https:\/\/areabadalona.com\/diario\/wp-json\/wp\/v2\/posts\/5777\/revisions"}],"predecessor-version":[{"id":5779,"href":"https:\/\/areabadalona.com\/diario\/wp-json\/wp\/v2\/posts\/5777\/revisions\/5779"}],"wp:featuredmedia":[{"embeddable":true,"href":"https:\/\/areabadalona.com\/diario\/wp-json\/wp\/v2\/media\/5778"}],"wp:attachment":[{"href":"https:\/\/areabadalona.com\/diario\/wp-json\/wp\/v2\/media?parent=5777"}],"wp:term":[{"taxonomy":"category","embeddable":true,"href":"https:\/\/areabadalona.com\/diario\/wp-json\/wp\/v2\/categories?post=5777"},{"taxonomy":"post_tag","embeddable":true,"href":"https:\/\/areabadalona.com\/diario\/wp-json\/wp\/v2\/tags?post=5777"}],"curies":[{"name":"wp","href":"https:\/\/api.w.org\/{rel}","templated":true}]}}