{"id":5774,"date":"2023-09-27T08:06:03","date_gmt":"2023-09-27T08:06:03","guid":{"rendered":"https:\/\/areabadalona.com\/diario\/?p=5774"},"modified":"2023-09-27T08:06:04","modified_gmt":"2023-09-27T08:06:04","slug":"les-obres-per-reparar-el-mur-de-contencio-del-carrer-de-venecuela-comencaran-durant-el-mes-doctubre","status":"publish","type":"post","link":"https:\/\/areabadalona.com\/diario\/2023\/09\/27\/les-obres-per-reparar-el-mur-de-contencio-del-carrer-de-venecuela-comencaran-durant-el-mes-doctubre\/","title":{"rendered":"Les obres per reparar el mur de contenci\u00f3 del carrer de Vene\u00e7uela comen\u00e7aran durant el mes d\u2019octubre\u00a0"},"content":{"rendered":"\n<p>El pr\u00f2xim mes d\u2019octubre comen\u00e7aran les obres per reparar el mur de contenci\u00f3 del carrer de Vene\u00e7uela, ubicat al barri de Sant Joan de Llefi\u00e0. L\u2019actuaci\u00f3, que tindr\u00e0 un cost de 281.234 euros i una superf\u00edcie d\u2019actuaci\u00f3 de 480 m\u00b2, contempla la reparaci\u00f3 del mur i l\u2019espai urb\u00e0 superior, incloent-hi l\u2019adequaci\u00f3 de la xarxa de clavegueram d&#8217;evacuaci\u00f3 d\u2019aig\u00fces residuals i pluvials de l\u2019edifici d\u2019habitatges, la pavimentaci\u00f3 de la zona i l\u2019escala i la renovaci\u00f3 del mobiliari urb\u00e0. Les obres tamb\u00e9 inclouen la reparaci\u00f3 de la vorera de l\u2019avinguda del Doctor Bassols (entre carrer de Vene\u00e7uela i avinguda d\u2019Am\u00e8rica) per tal de poder disposar d\u2019una amplada m\u00ednima d\u20191,50 metres. El termini aproximat d\u2019execuci\u00f3 de l\u2019obra \u00e9s de sis mesos.&nbsp;<\/p>\n\n\n\n<p>L\u2019alcalde de Badalona, Xavier Garcia Albiol, ha destacat que \u201cdespr\u00e9s de cinc anys esperant aquesta actuaci\u00f3, els ve\u00efns i ve\u00efnes de la zona per fi podran estar tranquils i segurs, l\u2019actual estat del mur \u00e9s perill\u00f3s i crea gran incertesa entre les persones que hi viuen a prop\u201d. L\u2019alcalde assegura que \u201camb aquesta obra desbloquegem una altra situaci\u00f3 que s\u2019arrossegava durant anys i demostrem com \u00e9s de necess\u00e0ria l\u2019actual estabilitat pol\u00edtica per donar-li la volta a la ciutat\u201d.&nbsp;<\/p>\n","protected":false},"excerpt":{"rendered":"<p>El pr\u00f2xim mes d\u2019octubre comen\u00e7aran les obres per reparar el mur de contenci\u00f3 del carrer de Vene\u00e7uela, ubicat al barri de Sant Joan de Llefi\u00e0. L\u2019actuaci\u00f3, que tindr\u00e0 un cost de 281.234 euros i una superf\u00edcie d\u2019actuaci\u00f3 de 480 m\u00b2, contempla la reparaci\u00f3 del mur i l\u2019espai urb\u00e0 superior, incloent-hi l\u2019adequaci\u00f3 de la xarxa de [&hellip;]<\/p>\n","protected":false},"author":2,"featured_media":5775,"comment_status":"open","ping_status":"open","sticky":false,"template":"","format":"standard","meta":{"footnotes":""},"categories":[23],"tags":[],"class_list":{"0":"post-5774","1":"post","2":"type-post","3":"status-publish","4":"format-standard","5":"has-post-thumbnail","7":"category-actualitat"},"_links":{"self":[{"href":"https:\/\/areabadalona.com\/diario\/wp-json\/wp\/v2\/posts\/5774","targetHints":{"allow":["GET"]}}],"collection":[{"href":"https:\/\/areabadalona.com\/diario\/wp-json\/wp\/v2\/posts"}],"about":[{"href":"https:\/\/areabadalona.com\/diario\/wp-json\/wp\/v2\/types\/post"}],"author":[{"embeddable":true,"href":"https:\/\/areabadalona.com\/diario\/wp-json\/wp\/v2\/users\/2"}],"replies":[{"embeddable":true,"href":"https:\/\/areabadalona.com\/diario\/wp-json\/wp\/v2\/comments?post=5774"}],"version-history":[{"count":1,"href":"https:\/\/areabadalona.com\/diario\/wp-json\/wp\/v2\/posts\/5774\/revisions"}],"predecessor-version":[{"id":5776,"href":"https:\/\/areabadalona.com\/diario\/wp-json\/wp\/v2\/posts\/5774\/revisions\/5776"}],"wp:featuredmedia":[{"embeddable":true,"href":"https:\/\/areabadalona.com\/diario\/wp-json\/wp\/v2\/media\/5775"}],"wp:attachment":[{"href":"https:\/\/areabadalona.com\/diario\/wp-json\/wp\/v2\/media?parent=5774"}],"wp:term":[{"taxonomy":"category","embeddable":true,"href":"https:\/\/areabadalona.com\/diario\/wp-json\/wp\/v2\/categories?post=5774"},{"taxonomy":"post_tag","embeddable":true,"href":"https:\/\/areabadalona.com\/diario\/wp-json\/wp\/v2\/tags?post=5774"}],"curies":[{"name":"wp","href":"https:\/\/api.w.org\/{rel}","templated":true}]}}