{"id":5771,"date":"2023-09-25T08:04:28","date_gmt":"2023-09-25T08:04:28","guid":{"rendered":"https:\/\/areabadalona.com\/diario\/?p=5771"},"modified":"2023-09-27T08:05:24","modified_gmt":"2023-09-27T08:05:24","slug":"en-comu-podem-lamenta-que-albiol-ha-fet-un-govern-de-cartro-ploma","status":"publish","type":"post","link":"https:\/\/areabadalona.com\/diario\/2023\/09\/25\/en-comu-podem-lamenta-que-albiol-ha-fet-un-govern-de-cartro-ploma\/","title":{"rendered":"En Com\u00fa Podem lamenta que Albiol ha fet un govern de cartr\u00f3 ploma"},"content":{"rendered":"\n<p><strong>A\u00efda Llaurad\u00f3 considera que l\u2019Albiol no t\u00e9 projecte de ciutat i ha estat els 100 dies de govern venent fum amb manca de solidesa i contingut, sense impulsar cap canvi estructural.<\/strong><\/p>\n\n\n\n<p><strong>El PP ha venut la figura de gran l\u00edder, amb grans cartells personalistes i anunciant un gran arbre de Nadal, per acabar publicant els panots del carrer que arregla l\u2019Ajuntament.<\/strong><\/p>\n\n\n\n<p>En Com\u00fa Podem ha valorat negativament els 100 dies de govern del Partit Popular d\u2019Albiol a Badalona. Ho ha fet la seva presidenta, A\u00efda Llaurad\u00f3, que ha titllat al govern de cartr\u00f3 ploma i de fer m\u00e0rqueting buit de contingut, enganyant un cop m\u00e9s a la gent.&nbsp; Des de la formaci\u00f3 morada han apuntat que Albiol m\u00e9s enll\u00e0 d\u2019anunciar l&#8217;arbre dubtosament m\u00e9s gran de l&#8217;Estat Espanyol, ha dedicat la major part de dies a publicar la reparaci\u00f3 de panots al carrer i altres accions ordin\u00e0ries que ha de fer qualsevol consistori. Mentrestant, centenars de fam\u00edlies a Badalona esperen les beques menjador encara no tramitades pel govern.&nbsp;<\/p>\n\n\n\n<p>Llaurad\u00f3 lamenta la manca de solidesa i contingut del govern d\u2019Albiol, tamb\u00e9 incapa\u00e7 d\u2019impulsar cap canvi estructural a l\u2019Ajuntament, la qual cosa ha suposat una decad\u00e8ncia molt preocupant de l\u2019administraci\u00f3 despr\u00e9s d\u2019aquests primers 100 dies d\u2019un govern amb majoria absoluta. Segons Llaurad\u00f3, \u201c<strong>darrere els grans titulars i personalisme d\u2019Albiol hi ha un govern de cartr\u00f3 pluma, sense projecte de ciutat, que fa seguidisme de la feina feta i s\u2019apropia de acci\u00f3 del govern anterior. A m\u00e9s, segueix amb un \u2019ideari pol\u00edtic de dretes, amb declaracions xen\u00f2fobes i decisions que posen en risc la salut p\u00fablica i la lluita contra el canvi clim\u00e0tic<\/strong>\u201d. En aquest sentit, En Com\u00fa Podem denuncia la irresponsabilitat de la morat\u00f2ria de 3 anys a la Zona de Baixes Emissions, sense donar cap proposta alternativa que protegeixi a la poblaci\u00f3 m\u00e9s vulnerable. Un altre exemple que En Com\u00fa Podem posa sobre la taula \u00e9s l\u2019obra del pavell\u00f3 municipal Pa\u00efsos Catalans, la qual ja estava adjudicada pel govern anterior i, en canvi, Albiol insisteix en anunciar-la com una iniciativa del govern Popular.&nbsp;<\/p>\n\n\n\n<p>En Com\u00fa Podem considera que amb aquest govern de cartr\u00f3 ploma Badalona no avan\u00e7ar\u00e0. Davant d\u2019aquesta situaci\u00f3, la formaci\u00f3 morada continuar\u00e0 treballant en defensa del seu projecte de ciutat: a favor de la cohesi\u00f3 social, de reduir les desigualtats, potenciar el feminisme, i lluitar contra el canvi clim\u00e0tic, i en definitiva, ser una ciutat referent en qualitat de vida.&nbsp;<\/p>\n","protected":false},"excerpt":{"rendered":"<p>A\u00efda Llaurad\u00f3 considera que l\u2019Albiol no t\u00e9 projecte de ciutat i ha estat els 100 dies de govern venent fum amb manca de solidesa i contingut, sense impulsar cap canvi estructural. El PP ha venut la figura de gran l\u00edder, amb grans cartells personalistes i anunciant un gran arbre de Nadal, per acabar publicant els [&hellip;]<\/p>\n","protected":false},"author":2,"featured_media":3835,"comment_status":"open","ping_status":"open","sticky":false,"template":"","format":"standard","meta":{"footnotes":""},"categories":[23],"tags":[],"class_list":{"0":"post-5771","1":"post","2":"type-post","3":"status-publish","4":"format-standard","5":"has-post-thumbnail","7":"category-actualitat"},"_links":{"self":[{"href":"https:\/\/areabadalona.com\/diario\/wp-json\/wp\/v2\/posts\/5771","targetHints":{"allow":["GET"]}}],"collection":[{"href":"https:\/\/areabadalona.com\/diario\/wp-json\/wp\/v2\/posts"}],"about":[{"href":"https:\/\/areabadalona.com\/diario\/wp-json\/wp\/v2\/types\/post"}],"author":[{"embeddable":true,"href":"https:\/\/areabadalona.com\/diario\/wp-json\/wp\/v2\/users\/2"}],"replies":[{"embeddable":true,"href":"https:\/\/areabadalona.com\/diario\/wp-json\/wp\/v2\/comments?post=5771"}],"version-history":[{"count":1,"href":"https:\/\/areabadalona.com\/diario\/wp-json\/wp\/v2\/posts\/5771\/revisions"}],"predecessor-version":[{"id":5772,"href":"https:\/\/areabadalona.com\/diario\/wp-json\/wp\/v2\/posts\/5771\/revisions\/5772"}],"wp:featuredmedia":[{"embeddable":true,"href":"https:\/\/areabadalona.com\/diario\/wp-json\/wp\/v2\/media\/3835"}],"wp:attachment":[{"href":"https:\/\/areabadalona.com\/diario\/wp-json\/wp\/v2\/media?parent=5771"}],"wp:term":[{"taxonomy":"category","embeddable":true,"href":"https:\/\/areabadalona.com\/diario\/wp-json\/wp\/v2\/categories?post=5771"},{"taxonomy":"post_tag","embeddable":true,"href":"https:\/\/areabadalona.com\/diario\/wp-json\/wp\/v2\/tags?post=5771"}],"curies":[{"name":"wp","href":"https:\/\/api.w.org\/{rel}","templated":true}]}}