{"id":5768,"date":"2023-09-25T07:58:28","date_gmt":"2023-09-25T07:58:28","guid":{"rendered":"https:\/\/areabadalona.com\/diario\/?p=5768"},"modified":"2023-09-27T08:03:08","modified_gmt":"2023-09-27T08:03:08","slug":"badalona-tindra-un-protocol-per-garantir-lactuacio-de-la-guardia-urbana-davant-els-casos-docupacio-il%c2%b7legal","status":"publish","type":"post","link":"https:\/\/areabadalona.com\/diario\/2023\/09\/25\/badalona-tindra-un-protocol-per-garantir-lactuacio-de-la-guardia-urbana-davant-els-casos-docupacio-il%c2%b7legal\/","title":{"rendered":"Badalona tindr\u00e0 un Protocol per garantir l\u2019actuaci\u00f3 de la Gu\u00e0rdia Urbana davant els casos d\u2019ocupaci\u00f3 il\u00b7legal\u00a0"},"content":{"rendered":"\n<p>L\u2019alcalde de Badalona, Xavier Garcia Albiol, ha assegurat que el pr\u00f2xim mes d\u2019octubre l\u2019Ajuntament de Badalona aprovar\u00e0 en sessi\u00f3 plen\u00e0ria extraordin\u00e0ria un Protocol per a l\u2019actuaci\u00f3 de la Gu\u00e0rdia Urbana davant dels casos d\u2019ocupaci\u00f3. L\u2019objectiu, ha explicat l\u2019alcalde, \u00e9s que els agents estiguin protegits jur\u00eddicament perqu\u00e8 puguin desenvolupar la seva feina amb celeritat i garanties. &nbsp;<\/p>\n\n\n\n<p>L\u2019alcalde ha assegurat que davant de casos d\u2019ocupacions il\u00b7legals \u201cles policies, no nom\u00e9s a Badalona, es troben avui desprotegides, perqu\u00e8 mentre no es canvi\u00ef la Llei en aquest pa\u00eds, que \u00e9s una vergonya, sembla que els ocupes s\u00f3n els que tenen tots els drets i els agents han d\u2019anar amb peus de plom perqu\u00e8 si cometen el m\u00e9s petit error \u00e9s possible que acabin sancionats o inhabilitats\u201d. &nbsp;<\/p>\n\n\n\n<p>Xavier Garcia Albiol ha fet aquest anunci en la roda de premsa que ha ofert aquest migdia a l\u2019edifici municipal El Viver per a fer balan\u00e7 dels 100 primers dies del nou Govern municipal. Albiol ha estat acompanyat a la taula pels seus 4 tinents d\u2019alcaldia i a la sala per la resta dels 18 regidors i regidores que conformen el Govern municipal.&nbsp;<\/p>\n\n\n\n<p>Pel que fa a l\u2019\u00e0mbit de la seguretat ciutadana, l\u2019alcalde ha destacat que a partir de l\u20191 de gener es posar\u00e0 en marxa tota l\u2019estructura amb recursos econ\u00f2mics i de personal de la nova conselleria antiocupacions. Garcia Albiol ha destacat que aix\u00f2 ser\u00e0 possible perqu\u00e8 \u201cper primera vegada en 25 anys l\u2019Ajuntament tindr\u00e0 aprovat el seu pressupost l\u20191 de gener\u201d. A m\u00e9s, l\u2019alcalde ha afegit que \u201caquest Ajuntament no negociar\u00e0 amb ocupes professionals i conflictius\u201d, el que s\u00ed farem, ha afegit \u201c\u00e9s ajudar a les persones vulnerables socialment i que necessiten acc\u00e9s a un habitatge digne\u201d i ha manifestat que es negocia la cessi\u00f3 de pisos per a lloguers socials provinents de grans tenidors i ha afegit que \u201cabans que acabi aquest mandat, l\u2019Ajuntament promour\u00e0 la construcci\u00f3 de pisos socials\u201d.&nbsp;<\/p>\n\n\n\n<p>Sense deixar l\u2019\u00e0mbit de la seguretat ciutadana, l\u2019alcalde ha assenyalat que \u201cen nom\u00e9s 100 dies, aquest Govern ha convocat 46 noves places d\u2019agents de la Gu\u00e0rdia Urbana, que ja \u00e9s la meitat del nostre comprom\u00eds d\u2019augmentar en un centenar d\u2019efectius la policia local, i hem destinat 1,5 milions d\u2019euros a la reforma de la Comissaria de la Gu\u00e0rdia Urbana al Tur\u00f3 d\u2019en Caritg, amb un estat greu de deteriorament per falta de manteniment des de la seva posada en marxa en la d\u00e8cada dels vuitanta\u201d. L\u2019alcalde ha valorat positivament \u201cel salt qualitatiu en les intervencions de la Gu\u00e0rdia Urbana\u00bb amb exemples com el desmantellament de mercats il\u00b7legals o la campanya contra l\u2019incivisme a les platges, per\u00f2 ha afegit que \u201cla situaci\u00f3 amb poc m\u00e9s de 200 agents a la plantilla \u00e9s prec\u00e0ria i per aix\u00f2 el nostre comprom\u00eds d\u2019augmentar els efectius fins a m\u00e9s de 300 per poder implementar el nostre model de policia al carrer i d\u2019unitats com l\u2019Omega i combatre la delinq\u00fc\u00e8ncia i l\u2019incivisme\u201d. &nbsp;<\/p>\n\n\n\n<p><strong>Balan\u00e7 dels 100 dies&nbsp;<\/strong><\/p>\n\n\n\n<p>Pel que fa al balan\u00e7 global dels primers 100 dies de Govern municipal encap\u00e7alat per Xavier Garcia Albiol, l\u2019alcalde s\u2019ha mostrat confiat que \u201cdurant aquest mandat donarem la volta a l\u2019actual situaci\u00f3 de Badalona\u201d. En aquest sentit, s\u2019ha dirigit als ciutadans assenyalant que \u201cno els demano paci\u00e8ncia, ja n\u2019han tingut prou durant els darrers anys, els hi demano confian\u00e7a perqu\u00e8 gr\u00e0cies a l\u2019estabilitat d\u2019aquest Govern, amb 18 regidors i regidores, podem fer front als grans reptes que hi ha plantejats\u201d.&nbsp;<\/p>\n\n\n\n<p>Perqu\u00e8 funcioni la ciutat, ha remarcat l\u2019alcalde durant el seu balan\u00e7, \u201ccal que un dels seus principals motors, que \u00e9s la maquin\u00e0ria de l\u2019Ajuntament funcioni, per\u00f2 ens l\u2019hem trobat pitjor d\u2019all\u00f2 que ens esperaven, pr\u00e0cticament en fallida, \u00e9s un vaixell que fa aig\u00fces per totes bandes\u201d. Tanmateix, l\u2019alcalde ha afegit que \u201csoc conscient que ens han votat milers de badalonins i badalonines d\u2019altres formacions pol\u00edtiques, no per lamentar-nos de l\u2019actual situaci\u00f3, sin\u00f3 per trobar solucions\u201d. Aix\u00ed, ha posat en relleu que aquesta mateixa setmana s\u2019incorporaran 60 persones de diferents perfils t\u00e8cnics a l\u2019Ajuntament procedents de la borsa de treball, 4 places de directius i es posa en marxa un Pla d\u2019ocupaci\u00f3 per a 86 ve\u00efns i ve\u00efns en situaci\u00f3 d\u2019atur.&nbsp;<\/p>\n\n\n\n<p>En l\u2019\u00e0mbit de la neteja, l\u2019alcalde ha destacat que s\u2019han destinat de manera urgent 1,5 milions per a la seva millora i s\u2019han accelerat els tr\u00e0mits per disposar d\u2019un nou contracte de neteja, en pr\u00f2rroga des de fa 2 anys, que pugui estar a l\u2019altura de les necessitats de la ciutat de Badalona. D\u2019altra banda, tamb\u00e9 ha remarcat que s\u2019han adquirit 500 nous contenidors d\u2019escombraries \u201ccosa que en qualsevol altre ajuntament no hauria de ser not\u00edcia\u201d.&nbsp;<\/p>\n\n\n\n<p>En la relaci\u00f3 amb altres actuacions dutes a terme, Xavier Garcia Albiol, ha destacat la inversi\u00f3 de m\u00e9s d\u20191,5 milions d\u2019euros en obres de millora de 5 poliesportius municipals, tornar a fer funcionar de nou les dutxes de la piscina municipal Mireia Belmonte despr\u00e9s de 15 mesos de no funcionar, o tamb\u00e9 el pr\u00f2xim desbloqueig de les obres del carrer d\u2019Eduard Maristany paralitzades des de fa mesos. D\u2019altra banda, ha destacat que en tres mesos l\u2019Ajuntament de Badalona ha redu\u00eft un 51% el seu deute despr\u00e9s d\u2019amortitzar 17 milions d\u2019euros. \u201cEra una situaci\u00f3 ins\u00f2lita que tenint els diners al banc, l\u2019Ajuntament hagu\u00e9s de pagar milers d\u2019euros d\u2019interessos per pagar deutes\u201d, ha afegit l\u2019alcalde.&nbsp;<\/p>\n\n\n\n<p>Xavier Garcia Albiol ha agra\u00eft als regidors i regidores el seu comprom\u00eds i esfor\u00e7, assegurant que \u201cestic satisfet per la molta feina que hem fet, per\u00f2 hem de ser conscients que est\u00e0 tot per fer, no ens agrada l\u2019estat actual de la ciutat, per\u00f2 ho canviarem amb la gesti\u00f3 del dia a dia i amb visi\u00f3 de futur\u201d. Finalment, l\u2019alcalde ha afegit que: \u201ctenir majoria absoluta no vol dir que tinguem la veritat absoluta, aquest Govern est\u00e0 disposat, com ja ho fem, a parlar amb els grups municipals de l\u2019oposici\u00f3, per\u00f2 tamb\u00e9 us asseguro que Badalona no es pot permetre perdre el temps en debats est\u00e8rils, en marejar la perdiu, som conscients que anem endarrerits i farem amb dilig\u00e8ncia totes les passes que siguin necess\u00e0ries per situar Badalona el lloc que mereix\u201d. &nbsp;<\/p>\n","protected":false},"excerpt":{"rendered":"<p>L\u2019alcalde de Badalona, Xavier Garcia Albiol, ha assegurat que el pr\u00f2xim mes d\u2019octubre l\u2019Ajuntament de Badalona aprovar\u00e0 en sessi\u00f3 plen\u00e0ria extraordin\u00e0ria un Protocol per a l\u2019actuaci\u00f3 de la Gu\u00e0rdia Urbana davant dels casos d\u2019ocupaci\u00f3. L\u2019objectiu, ha explicat l\u2019alcalde, \u00e9s que els agents estiguin protegits jur\u00eddicament perqu\u00e8 puguin desenvolupar la seva feina amb celeritat i garanties. [&hellip;]<\/p>\n","protected":false},"author":2,"featured_media":5769,"comment_status":"open","ping_status":"open","sticky":false,"template":"","format":"standard","meta":{"footnotes":""},"categories":[23],"tags":[],"class_list":{"0":"post-5768","1":"post","2":"type-post","3":"status-publish","4":"format-standard","5":"has-post-thumbnail","7":"category-actualitat"},"_links":{"self":[{"href":"https:\/\/areabadalona.com\/diario\/wp-json\/wp\/v2\/posts\/5768","targetHints":{"allow":["GET"]}}],"collection":[{"href":"https:\/\/areabadalona.com\/diario\/wp-json\/wp\/v2\/posts"}],"about":[{"href":"https:\/\/areabadalona.com\/diario\/wp-json\/wp\/v2\/types\/post"}],"author":[{"embeddable":true,"href":"https:\/\/areabadalona.com\/diario\/wp-json\/wp\/v2\/users\/2"}],"replies":[{"embeddable":true,"href":"https:\/\/areabadalona.com\/diario\/wp-json\/wp\/v2\/comments?post=5768"}],"version-history":[{"count":1,"href":"https:\/\/areabadalona.com\/diario\/wp-json\/wp\/v2\/posts\/5768\/revisions"}],"predecessor-version":[{"id":5770,"href":"https:\/\/areabadalona.com\/diario\/wp-json\/wp\/v2\/posts\/5768\/revisions\/5770"}],"wp:featuredmedia":[{"embeddable":true,"href":"https:\/\/areabadalona.com\/diario\/wp-json\/wp\/v2\/media\/5769"}],"wp:attachment":[{"href":"https:\/\/areabadalona.com\/diario\/wp-json\/wp\/v2\/media?parent=5768"}],"wp:term":[{"taxonomy":"category","embeddable":true,"href":"https:\/\/areabadalona.com\/diario\/wp-json\/wp\/v2\/categories?post=5768"},{"taxonomy":"post_tag","embeddable":true,"href":"https:\/\/areabadalona.com\/diario\/wp-json\/wp\/v2\/tags?post=5768"}],"curies":[{"name":"wp","href":"https:\/\/api.w.org\/{rel}","templated":true}]}}