{"id":5765,"date":"2023-09-25T10:44:20","date_gmt":"2023-09-25T10:44:20","guid":{"rendered":"https:\/\/areabadalona.com\/diario\/?p=5765"},"modified":"2023-09-25T10:44:22","modified_gmt":"2023-09-25T10:44:22","slug":"promeses-incomplides-i-decepcio-el-balanc-del-psc-dels-100-dies-dalbiol","status":"publish","type":"post","link":"https:\/\/areabadalona.com\/diario\/2023\/09\/25\/promeses-incomplides-i-decepcio-el-balanc-del-psc-dels-100-dies-dalbiol\/","title":{"rendered":"\u00abPromeses\u00a0incomplides\u00a0i decepci\u00f3\u00bb, el balan\u00e7 del PSC dels\u00a0100\u00a0dies d&#8217;Albiol"},"content":{"rendered":"\n<p><\/p>\n\n\n\n<p>Aquest dilluns, 25 de setembre, es compleixen els primers\u00a0100\u00a0dies del govern municipal del PP. Pel PSC de Badalona, aquests\u00a0100\u00a0dies es resumeixen en dues paraules, promeses incomplides i decepci\u00f3. El president del grup municipal del PSC, Fernando Carrera, ha fet balan\u00e7 d&#8217;aquests primers\u00a0100\u00a0dies en un v\u00eddeo publicat a les seves xarxes socials.\u00a0Carrrera\u00a0ha posat diversos exemples, que mostren segons el Partit dels Socialistes de Badalona, aquesta decepci\u00f3 amb el nou govern. En mat\u00e8ria de seguretat, un dels temes que el govern Albiol va fer bandera durant la seva campanya electoral, aquests\u00a0100\u00a0dies no han servit per millorar cap dada, i fins i tot hem tingut un agost complicat, amb nombrosos incidents i sense prou patrulles de la Gu\u00e0rdia Urbana als carrers. De fet, Fernando Carrera ha recordat que el govern del PP no ha pogut tirar endavant la seva promesa, anunciada a principis d&#8217;estiu, de contractar vigilants privats, per controlar edificis municipals, perqu\u00e8 efectius de la Gu\u00e0rdia de Badalona patrullessin pels carrers de la ciutat. En l&#8217;\u00e0mbit educatiu, l&#8217;alcalde Albiol va prometre destinar un mili\u00f3 d&#8217;euros per instal\u00b7lar aire condicionat a les escoles de la ciutat, una nova promesa que no ha complert. Carrera tamb\u00e9 ha denunciat que la situaci\u00f3 de funcionament a l&#8217;Ajuntament s&#8217;ha deteriorat durant aquests\u00a0100\u00a0dies del govern d&#8217;Albiol. Ara, per exemple, un ciutad\u00e0 s&#8217;ha d&#8217;esperar fins al mes de desembre per empadronar-se. Aquests tres exemples, segons el president del grup municipal del PSC, mostren com les promeses del govern del PP nom\u00e9s eren promeses, i pocs fets. D&#8217;altra banda, un dels temes que m\u00e9s queixes ha rebut el PSC de Badalona, durant aquests\u00a0100\u00a0dies, \u00e9s l&#8217;estat de la brut\u00edcia als carrers, que ha augmentat en molts barris de la ciutat. Fernando Carrera ha volgut valorar com a decepci\u00f3 el nou govern que nom\u00e9s s&#8217;ha dedicat a focs artificials, com l&#8217;arbre de 40 metres que vol instal\u00b7lar el govern d&#8217;Albiol aquest Nadal.<br><\/p>\n\n\n\n<p><br><\/p>\n","protected":false},"excerpt":{"rendered":"<p>Aquest dilluns, 25 de setembre, es compleixen els primers\u00a0100\u00a0dies del govern municipal del PP. Pel PSC de Badalona, aquests\u00a0100\u00a0dies es resumeixen en dues paraules, promeses incomplides i decepci\u00f3. El president del grup municipal del PSC, Fernando Carrera, ha fet balan\u00e7 d&#8217;aquests primers\u00a0100\u00a0dies en un v\u00eddeo publicat a les seves xarxes socials.\u00a0Carrrera\u00a0ha posat diversos exemples, que [&hellip;]<\/p>\n","protected":false},"author":2,"featured_media":5766,"comment_status":"open","ping_status":"open","sticky":false,"template":"","format":"standard","meta":{"footnotes":""},"categories":[23],"tags":[],"class_list":{"0":"post-5765","1":"post","2":"type-post","3":"status-publish","4":"format-standard","5":"has-post-thumbnail","7":"category-actualitat"},"_links":{"self":[{"href":"https:\/\/areabadalona.com\/diario\/wp-json\/wp\/v2\/posts\/5765","targetHints":{"allow":["GET"]}}],"collection":[{"href":"https:\/\/areabadalona.com\/diario\/wp-json\/wp\/v2\/posts"}],"about":[{"href":"https:\/\/areabadalona.com\/diario\/wp-json\/wp\/v2\/types\/post"}],"author":[{"embeddable":true,"href":"https:\/\/areabadalona.com\/diario\/wp-json\/wp\/v2\/users\/2"}],"replies":[{"embeddable":true,"href":"https:\/\/areabadalona.com\/diario\/wp-json\/wp\/v2\/comments?post=5765"}],"version-history":[{"count":1,"href":"https:\/\/areabadalona.com\/diario\/wp-json\/wp\/v2\/posts\/5765\/revisions"}],"predecessor-version":[{"id":5767,"href":"https:\/\/areabadalona.com\/diario\/wp-json\/wp\/v2\/posts\/5765\/revisions\/5767"}],"wp:featuredmedia":[{"embeddable":true,"href":"https:\/\/areabadalona.com\/diario\/wp-json\/wp\/v2\/media\/5766"}],"wp:attachment":[{"href":"https:\/\/areabadalona.com\/diario\/wp-json\/wp\/v2\/media?parent=5765"}],"wp:term":[{"taxonomy":"category","embeddable":true,"href":"https:\/\/areabadalona.com\/diario\/wp-json\/wp\/v2\/categories?post=5765"},{"taxonomy":"post_tag","embeddable":true,"href":"https:\/\/areabadalona.com\/diario\/wp-json\/wp\/v2\/tags?post=5765"}],"curies":[{"name":"wp","href":"https:\/\/api.w.org\/{rel}","templated":true}]}}