{"id":5762,"date":"2023-09-25T08:09:17","date_gmt":"2023-09-25T08:09:17","guid":{"rendered":"https:\/\/areabadalona.com\/diario\/?p=5762"},"modified":"2023-09-25T08:09:18","modified_gmt":"2023-09-25T08:09:18","slug":"octubre-comenca-amb-la-37ena-sermana-de-muntanyisme-a-badalona","status":"publish","type":"post","link":"https:\/\/areabadalona.com\/diario\/2023\/09\/25\/octubre-comenca-amb-la-37ena-sermana-de-muntanyisme-a-badalona\/","title":{"rendered":"Octubre comen\u00e7a amb la 37ena Sermana de Muntanyisme a Badalona"},"content":{"rendered":"\n<p>L&#8217;Agrupaci\u00f3 Excursionista Bufal\u00e0 organitza els dies 2, 3 i 5 d&#8217;octubre la 37ena edici\u00f3 de la Setmana de Muntanyisme a Badalona, amb tres projeccions de documentals i tert\u00falia posterior. Les sessions es duran a terme al Teatre Margarida Xirgu a partir de les 20.30 hores. Despr\u00e9s de cada sessi\u00f3 ho haur\u00e0 un sorteig de material de muntanya.<\/p>\n\n\n\n<p>Les projeccions comen\u00e7aran el dilluns, 2 d&#8217;octubre, amb \u00abLa conquesta dels catorze\u00bb, de Ferran Latorre, i continuaran el 3 amb \u00abJohn Muir Trail\u00bb, a c\u00e0rrec de Javier Campos, i acabar\u00e0 el dijous 5 d&#8217;octubre amb \u00abVolver\u00bb, amb Stefi Troguet. <\/p>\n\n\n\n<p><a href=\"https:\/\/setmanademuntanyismebadalonaebufala.wordpress.com\/\">SETMANA DE MUNTANYISME DE BADALONA (wordpress.com)<\/a><\/p>\n","protected":false},"excerpt":{"rendered":"<p>L&#8217;Agrupaci\u00f3 Excursionista Bufal\u00e0 organitza els dies 2, 3 i 5 d&#8217;octubre la 37ena edici\u00f3 de la Setmana de Muntanyisme a Badalona, amb tres projeccions de documentals i tert\u00falia posterior. Les sessions es duran a terme al Teatre Margarida Xirgu a partir de les 20.30 hores. Despr\u00e9s de cada sessi\u00f3 ho haur\u00e0 un sorteig de material [&hellip;]<\/p>\n","protected":false},"author":1,"featured_media":5763,"comment_status":"open","ping_status":"open","sticky":false,"template":"","format":"standard","meta":{"footnotes":""},"categories":[23],"tags":[],"class_list":{"0":"post-5762","1":"post","2":"type-post","3":"status-publish","4":"format-standard","5":"has-post-thumbnail","7":"category-actualitat"},"_links":{"self":[{"href":"https:\/\/areabadalona.com\/diario\/wp-json\/wp\/v2\/posts\/5762","targetHints":{"allow":["GET"]}}],"collection":[{"href":"https:\/\/areabadalona.com\/diario\/wp-json\/wp\/v2\/posts"}],"about":[{"href":"https:\/\/areabadalona.com\/diario\/wp-json\/wp\/v2\/types\/post"}],"author":[{"embeddable":true,"href":"https:\/\/areabadalona.com\/diario\/wp-json\/wp\/v2\/users\/1"}],"replies":[{"embeddable":true,"href":"https:\/\/areabadalona.com\/diario\/wp-json\/wp\/v2\/comments?post=5762"}],"version-history":[{"count":1,"href":"https:\/\/areabadalona.com\/diario\/wp-json\/wp\/v2\/posts\/5762\/revisions"}],"predecessor-version":[{"id":5764,"href":"https:\/\/areabadalona.com\/diario\/wp-json\/wp\/v2\/posts\/5762\/revisions\/5764"}],"wp:featuredmedia":[{"embeddable":true,"href":"https:\/\/areabadalona.com\/diario\/wp-json\/wp\/v2\/media\/5763"}],"wp:attachment":[{"href":"https:\/\/areabadalona.com\/diario\/wp-json\/wp\/v2\/media?parent=5762"}],"wp:term":[{"taxonomy":"category","embeddable":true,"href":"https:\/\/areabadalona.com\/diario\/wp-json\/wp\/v2\/categories?post=5762"},{"taxonomy":"post_tag","embeddable":true,"href":"https:\/\/areabadalona.com\/diario\/wp-json\/wp\/v2\/tags?post=5762"}],"curies":[{"name":"wp","href":"https:\/\/api.w.org\/{rel}","templated":true}]}}