{"id":5759,"date":"2023-09-25T08:02:23","date_gmt":"2023-09-25T08:02:23","guid":{"rendered":"https:\/\/areabadalona.com\/diario\/?p=5759"},"modified":"2023-09-25T08:02:24","modified_gmt":"2023-09-25T08:02:24","slug":"pfb-serveis-funeraris-crea-un-nou-espai-per-al-descans-de-les-cendres-a-la-parroquia-de-la-salut-de-badalona","status":"publish","type":"post","link":"https:\/\/areabadalona.com\/diario\/2023\/09\/25\/pfb-serveis-funeraris-crea-un-nou-espai-per-al-descans-de-les-cendres-a-la-parroquia-de-la-salut-de-badalona\/","title":{"rendered":"PFB Serveis Funeraris crea un nou espai per al descans de les cendres a la Parr\u00f2quia de la Salut de Badalona"},"content":{"rendered":"\n<p>PFB Serveis Funeraris ha posat en marxa un nou espai per a la inhumaci\u00f3 de les cendres a la ciutat de Badalona. Amb el nom d\u2019Espai Memorial Mare de D\u00e9u de la Salut, es troba ubicat dins la Parr\u00f2quia de la Salut, en aquest barri badalon\u00ed, i acull 210 columbaris per al descans cristi\u00e0 de les cendres.<\/p>\n\n\n\n<p>Els columbaris de la Parr\u00f2quia de la Salut proporcionen un espai de recolliment i reflexi\u00f3 a les fam\u00edlies que opten per la cremaci\u00f3. Cada columbari -petit n\u00ednxol espec\u00edfic per contenir-hi l\u2019urna ciner\u00e0ria- t\u00e9 una capacitat de fins a dues urnes i permet la gravaci\u00f3 del nom i cognom dels difunts en una l\u00e0pida de granit. El memorial, que disposa tamb\u00e9 d\u2019un espai cinerari comunitari, es pot visitar en l\u2019horari habitual d\u2019obertura de la parr\u00f2quia, tots els dies de la setmana. L\u2019espai va estar bene\u00eft el passat mes de juny, amb assist\u00e8ncia del bisbe auxiliar de Barcelona.<\/p>\n\n\n\n<p>Aquest nou servei \u00e9s un pas m\u00e9s de PFB Serveis Funeraris per donar resposta a la demanda creixent de la incineraci\u00f3 que, a zones urbanes com Badalona, supera el 60 %, segons dades de l\u2019empresa funer\u00e0ria. \u201cPrestem un servei essencial a la ciutadania i hem de ser capa\u00e7os d\u2019adaptar-nos a les necessitats de les persones en un dels moments m\u00e9s complexos i importants de la vida, com \u00e9s el comiat d\u2019un \u00e9sser estimat. La cremaci\u00f3 \u00e9s avui l\u2019opci\u00f3 majorit\u00e0ria a les grans ciutats com Badalona, i per aix\u00f2 \u00e9s essencial la creaci\u00f3 d\u2019espais i alternatives per al rep\u00f2s de les cendres, com aquest nou memorial que hem projectat al barri de la Salut, en ple nucli urb\u00e0, proper a les fam\u00edlies\u201d, exposa Ana Gassi\u00f3, directora general de PFB Serveis Funeraris.<\/p>\n\n\n\n<p>En aquesta l\u00ednia, el Tanatori de Badalona ha estat pioner a l\u2019\u00e0rea metropolitana en la creaci\u00f3 d\u2019espais espec\u00edfics per a la inhumaci\u00f3 de cendres, com amb la projecci\u00f3 fa vint anys del Jard\u00ed i el Cam\u00ed del Rep\u00f2s, ubicat dins el mateix recinte funerari de Can Ruti, amb capacitat per a unes 150 urnes. Aix\u00ed mateix, el 2019 l\u2019empresa va construir els seu primer memorial per a cendres al centre de la ciutat, dins la capella del Sagrat Cor de la Parr\u00f2quia de Sant Josep, amb 80 columbaris. PFB tamb\u00e9 compta amb espais per a les cendres a tots els cementiris que gestiona al Barcelon\u00e8s, Maresme i Baix Llobregat.<\/p>\n","protected":false},"excerpt":{"rendered":"<p>PFB Serveis Funeraris ha posat en marxa un nou espai per a la inhumaci\u00f3 de les cendres a la ciutat de Badalona. Amb el nom d\u2019Espai Memorial Mare de D\u00e9u de la Salut, es troba ubicat dins la Parr\u00f2quia de la Salut, en aquest barri badalon\u00ed, i acull 210 columbaris per al descans cristi\u00e0 de [&hellip;]<\/p>\n","protected":false},"author":2,"featured_media":5760,"comment_status":"open","ping_status":"open","sticky":false,"template":"","format":"standard","meta":{"footnotes":""},"categories":[23,24],"tags":[],"class_list":{"0":"post-5759","1":"post","2":"type-post","3":"status-publish","4":"format-standard","5":"has-post-thumbnail","7":"category-actualitat","8":"category-societat"},"_links":{"self":[{"href":"https:\/\/areabadalona.com\/diario\/wp-json\/wp\/v2\/posts\/5759","targetHints":{"allow":["GET"]}}],"collection":[{"href":"https:\/\/areabadalona.com\/diario\/wp-json\/wp\/v2\/posts"}],"about":[{"href":"https:\/\/areabadalona.com\/diario\/wp-json\/wp\/v2\/types\/post"}],"author":[{"embeddable":true,"href":"https:\/\/areabadalona.com\/diario\/wp-json\/wp\/v2\/users\/2"}],"replies":[{"embeddable":true,"href":"https:\/\/areabadalona.com\/diario\/wp-json\/wp\/v2\/comments?post=5759"}],"version-history":[{"count":1,"href":"https:\/\/areabadalona.com\/diario\/wp-json\/wp\/v2\/posts\/5759\/revisions"}],"predecessor-version":[{"id":5761,"href":"https:\/\/areabadalona.com\/diario\/wp-json\/wp\/v2\/posts\/5759\/revisions\/5761"}],"wp:featuredmedia":[{"embeddable":true,"href":"https:\/\/areabadalona.com\/diario\/wp-json\/wp\/v2\/media\/5760"}],"wp:attachment":[{"href":"https:\/\/areabadalona.com\/diario\/wp-json\/wp\/v2\/media?parent=5759"}],"wp:term":[{"taxonomy":"category","embeddable":true,"href":"https:\/\/areabadalona.com\/diario\/wp-json\/wp\/v2\/categories?post=5759"},{"taxonomy":"post_tag","embeddable":true,"href":"https:\/\/areabadalona.com\/diario\/wp-json\/wp\/v2\/tags?post=5759"}],"curies":[{"name":"wp","href":"https:\/\/api.w.org\/{rel}","templated":true}]}}