{"id":5756,"date":"2023-09-22T08:18:27","date_gmt":"2023-09-22T08:18:27","guid":{"rendered":"https:\/\/areabadalona.com\/diario\/?p=5756"},"modified":"2023-09-22T08:18:28","modified_gmt":"2023-09-22T08:18:28","slug":"lajuntament-de-badalona-impulsa-una-guia-de-restaurants-i-eixos-comercials-per-promocionar-el-sector-de-la-restauracio-el-comerc-i-la-gastronomia-local","status":"publish","type":"post","link":"https:\/\/areabadalona.com\/diario\/2023\/09\/22\/lajuntament-de-badalona-impulsa-una-guia-de-restaurants-i-eixos-comercials-per-promocionar-el-sector-de-la-restauracio-el-comerc-i-la-gastronomia-local\/","title":{"rendered":"L\u2019Ajuntament de Badalona impulsa una Guia de Restaurants i Eixos Comercials per promocionar el sector de la restauraci\u00f3, el comer\u00e7 i la gastronomia local\u00a0"},"content":{"rendered":"\n<p>L\u2019Ajuntament de Badalona posa en marxa la creaci\u00f3 d\u2019una Guia de Restaurants i Eixos Comercials de la ciutat per promocionar el sector de la restauraci\u00f3 i el comer\u00e7 i potenciar la gastronomia local. Es tracta d\u2019una iniciativa que ja estar\u00e0 enllestida per a la campanya de Nadal, en la que el Govern municipal est\u00e0 treballant amb la voluntat de fer gaudir als ve\u00efns i ve\u00efnes de les festes i, a la vegada, atraure un gran nombre de visitants. La guia inclour\u00e0 restaurants i els principals eixos comercials de la ciutat i es repartir\u00e0 durant tot l\u2019any en els principals punts d\u2019informaci\u00f3, en l\u2019oficina de Turisme, en els hotels i espais de restauraci\u00f3 i en els punts m\u00e9s tur\u00edstics i concorreguts de la ciutat. &nbsp;<\/p>\n\n\n\n<p>Els restauradors que vulguin formar part de la guia ho poden fer gratu\u00eftament fent una inscripci\u00f3 telem\u00e0tica fins al 16 d\u2019octubre on s\u2019han de facilitar les dades del negoci. Per ser un dels establiments de la Guia de Restaurant i Eixos Comercials de l\u2019Ajuntament de Badalona s\u2019han de complir els seg\u00fcents requisits:&nbsp;<\/p>\n\n\n\n<p>&#8211; L&#8217;establiment pertany al terme municipal de Badalona&nbsp;<\/p>\n\n\n\n<p>&#8211; Es disposa de servei de reserva de taula&nbsp;<\/p>\n\n\n\n<p>&#8211; Es disposa de servei de cambrers&nbsp;<\/p>\n\n\n\n<p>&#8211; Es disposa de servei de taules parades&nbsp;<\/p>\n\n\n\n<p>&#8211; Es disposa de pres\u00e8ncia \/ oferta de vins i escumosos&nbsp;<\/p>\n\n\n\n<p>&#8211; Es disposa de pres\u00e8ncia \/ oferta de postres&nbsp;<\/p>\n\n\n\n<p>&#8211; Es disposa de carta de l&#8217;establiment redactada en catal\u00e0 i castell\u00e0&nbsp;<\/p>\n\n\n\n<p>La inscripci\u00f3 es pot fer presencialment a l\u2019Oficina de Turisme de Badalona, carrer de Francesc Layret 78-82, o en l\u00ednia a trav\u00e9s de l\u2019enlla\u00e7 seg\u00fcent:&nbsp;<\/p>\n\n\n\n<p><a href=\"https:\/\/seu.badalona.cat\/sta\/CarpetaPublic\/?APP_CODE=STA&amp;PAGE_CODE=PTS_CATSERV&amp;DETALLE=6269000262421900307753\">https:\/\/seu.badalona.cat\/sta\/CarpetaPublic\/?APP_CODE=STA&amp;PAGE_CODE=PTS_CATSERV&amp;DETALLE=6269000262421900307753<\/a><\/p>\n\n\n\n<p>Per a qualsevol dubte podeu consultar amb l\u2019Oficina de Turisme de Badalona enviant un correu a <a href=\"mailto:otb@badalona.cat\">otb@badalona.cat<\/a> o trucant per tel\u00e8fon al 93 483 29 90. &nbsp;<\/p>\n\n\n\n<p>La segona tinenta d\u2019alcaldia i regidora de l\u2019\u00c0mbit d\u2019Impuls Econ\u00f2mic i de Ciutat, Treball, Cultura, Ciutadania i Govern, Cristina Ag\u00fcera, ha explicat que \u201ca Badalona disposem d\u2019una restauraci\u00f3 de gran qualitat, amb una proposta gastron\u00f2mica molt variada i que est\u00e0 a l\u2019altura de les grans ciutats; \u00e9s per aix\u00f2 que impulsem aquesta Guia de Restaurants i Eixos Comercials amb l\u2019objectiu de donar a con\u00e8ixer tant als ve\u00efns com als turistes la gran oferta que hi ha a Badalona\u201d. Ag\u00fcera ha remarcat que \u201cvolem aprofitar la campanya de Nadal, que enguany atraur\u00e0 un gran nombre de visitants, per comen\u00e7ar a difondre la Guia, per\u00f2 es tracta d\u2019una iniciativa que no volem limitar nom\u00e9s a aquestes dates, sin\u00f3 que esdevingui un document de refer\u00e8ncia durant tot l\u2019any i que es pugui ampliar i dotar de major contingut en un futur\u201d.&nbsp;<\/p>\n","protected":false},"excerpt":{"rendered":"<p>L\u2019Ajuntament de Badalona posa en marxa la creaci\u00f3 d\u2019una Guia de Restaurants i Eixos Comercials de la ciutat per promocionar el sector de la restauraci\u00f3 i el comer\u00e7 i potenciar la gastronomia local. Es tracta d\u2019una iniciativa que ja estar\u00e0 enllestida per a la campanya de Nadal, en la que el Govern municipal est\u00e0 treballant [&hellip;]<\/p>\n","protected":false},"author":2,"featured_media":5757,"comment_status":"open","ping_status":"open","sticky":false,"template":"","format":"standard","meta":{"footnotes":""},"categories":[23],"tags":[],"class_list":{"0":"post-5756","1":"post","2":"type-post","3":"status-publish","4":"format-standard","5":"has-post-thumbnail","7":"category-actualitat"},"_links":{"self":[{"href":"https:\/\/areabadalona.com\/diario\/wp-json\/wp\/v2\/posts\/5756","targetHints":{"allow":["GET"]}}],"collection":[{"href":"https:\/\/areabadalona.com\/diario\/wp-json\/wp\/v2\/posts"}],"about":[{"href":"https:\/\/areabadalona.com\/diario\/wp-json\/wp\/v2\/types\/post"}],"author":[{"embeddable":true,"href":"https:\/\/areabadalona.com\/diario\/wp-json\/wp\/v2\/users\/2"}],"replies":[{"embeddable":true,"href":"https:\/\/areabadalona.com\/diario\/wp-json\/wp\/v2\/comments?post=5756"}],"version-history":[{"count":1,"href":"https:\/\/areabadalona.com\/diario\/wp-json\/wp\/v2\/posts\/5756\/revisions"}],"predecessor-version":[{"id":5758,"href":"https:\/\/areabadalona.com\/diario\/wp-json\/wp\/v2\/posts\/5756\/revisions\/5758"}],"wp:featuredmedia":[{"embeddable":true,"href":"https:\/\/areabadalona.com\/diario\/wp-json\/wp\/v2\/media\/5757"}],"wp:attachment":[{"href":"https:\/\/areabadalona.com\/diario\/wp-json\/wp\/v2\/media?parent=5756"}],"wp:term":[{"taxonomy":"category","embeddable":true,"href":"https:\/\/areabadalona.com\/diario\/wp-json\/wp\/v2\/categories?post=5756"},{"taxonomy":"post_tag","embeddable":true,"href":"https:\/\/areabadalona.com\/diario\/wp-json\/wp\/v2\/tags?post=5756"}],"curies":[{"name":"wp","href":"https:\/\/api.w.org\/{rel}","templated":true}]}}