{"id":5750,"date":"2023-09-21T08:06:46","date_gmt":"2023-09-21T08:06:46","guid":{"rendered":"https:\/\/areabadalona.com\/diario\/?p=5750"},"modified":"2023-09-22T08:07:26","modified_gmt":"2023-09-22T08:07:26","slug":"jornada-sobre-descarbonitzacio-i-economia-circular-al-sector-quimic-i-farmaceutic-al-badalona-centre-internacional-de-negocis-bcin","status":"publish","type":"post","link":"https:\/\/areabadalona.com\/diario\/2023\/09\/21\/jornada-sobre-descarbonitzacio-i-economia-circular-al-sector-quimic-i-farmaceutic-al-badalona-centre-internacional-de-negocis-bcin\/","title":{"rendered":"Jornada sobre \u201cDescarbonitzaci\u00f3 i Economia Circular al sector Qu\u00edmic i Farmac\u00e8utic\u201d al Badalona Centre Internacional de Negocis (BCIN)\u00a0"},"content":{"rendered":"\n<p>El Badalona Centre Internacional de Negocis (BCIN) acollir\u00e0 el pr\u00f2xim dimarts 26 de setembre la jornada \u201cDescarbonitzaci\u00f3 i economia circular al sector Qu\u00edmic i Farmac\u00e8utic\u201d per tractar sobre les oportunitats i els desafiaments que suposa la transici\u00f3 verda per a aquestes empreses amb destacada pres\u00e8ncia a Badalona.&nbsp;<\/p>\n\n\n\n<p>Aquesta jornada forma part d\u2019un cicle de jornades dedicades a la descarbonitzaci\u00f3 industrial que s\u2019estan celebrant en diferents municipis de l\u2019\u00c0rea Metropolitana de Barcelona, i que estan organitzades per AEMES Smart (Asociaci\u00f3n de Empresas de Movilidad, Entorno Sostenible i Smart), l\u2019\u00c0rea Metropolitana de Barcelona (AMB), l\u2019IREC (Institut de recerca de l\u2019Energia de Catalunya), i la Fundaci\u00f3 Empresa i Clima. La jornada compta amb el suport d\u2019AEBALL \/ UPMBALL (Associaci\u00f3 Empresarial i Uni\u00f3 Patronal Metal\u00b7l\u00fargica de l\u2019Hospitalet i el Baix Llobregat), FEDEQUIM (Federaci\u00f3 Empresarial Catalana del sector qu\u00edmic) i de l\u2019Ajuntament de Badalona a trav\u00e9s de Reactivaci\u00f3 Badalona.&nbsp;<\/p>\n\n\n\n<p>A la jornada, que tindr\u00e0 lloc entre les 9 i les 11.40 hores es presentaran casos concrets d\u2019experi\u00e8ncies i analitzant les dificultats i els avantatges competitius que aporta la descarbonitzaci\u00f3. En la jornada s\u2019abordar\u00e0, entre altres temes, la q\u00fcesti\u00f3 de com afectar\u00e0 la nova Directiva sobre Informes de Sostenibilitat Corporativa (CSRD) i la Taxonomia Verda, que \u00e9s un tema d\u2019inter\u00e8s per a qualsevol sector.&nbsp;<\/p>\n\n\n\n<p>La presentaci\u00f3 de la jornada comptar\u00e0 amb les intervencions del primer tinent d\u2019alcalde i regidor de l\u2019\u00c0mbit d\u2019Hisenda i Finances, Recursos Interns i Seguretat de l\u2019Ajuntament de Badalona, Juan Fern\u00e1ndez; del director de Desenvolupament Social i Econ\u00f2mic de l\u2019AMB, H\u00e9ctor Santcovsky, i del president de la Comissi\u00f3 de Medi Ambient de FedeQuim, Mart\u00ed Puig.&nbsp;<\/p>\n\n\n\n<p>A la taula rodona on es presentaran casos d\u2019\u00e8xit del sector qu\u00edmic\/farmac\u00e8utic participaran la directora de la Fundaci\u00f3 Empresa i Clima, Elvira Carles; la responsable legal a Fundaci\u00f3 Empresa i Clima, Nuria del Pozo; el director general d&#8217;IREC; Joan Ram\u00f3n Morante; la Regulatory Affairs Manager de Lluch Essence, Mar Mulero; el director H2 i Transici\u00f3 Energ\u00e8tica &#8211; Sud d&#8217;Europa de Carburos Met\u00e1licos (Grup Air Products), H\u00e8ctor Carbonell; &nbsp;i la Global Environmental L\u00edder d\u2019Almirall, Joana Mart\u00ednez Portillo.&nbsp;<\/p>\n","protected":false},"excerpt":{"rendered":"<p>El Badalona Centre Internacional de Negocis (BCIN) acollir\u00e0 el pr\u00f2xim dimarts 26 de setembre la jornada \u201cDescarbonitzaci\u00f3 i economia circular al sector Qu\u00edmic i Farmac\u00e8utic\u201d per tractar sobre les oportunitats i els desafiaments que suposa la transici\u00f3 verda per a aquestes empreses amb destacada pres\u00e8ncia a Badalona.&nbsp; Aquesta jornada forma part d\u2019un cicle de jornades [&hellip;]<\/p>\n","protected":false},"author":2,"featured_media":5751,"comment_status":"open","ping_status":"open","sticky":false,"template":"","format":"standard","meta":{"footnotes":""},"categories":[23],"tags":[],"class_list":{"0":"post-5750","1":"post","2":"type-post","3":"status-publish","4":"format-standard","5":"has-post-thumbnail","7":"category-actualitat"},"_links":{"self":[{"href":"https:\/\/areabadalona.com\/diario\/wp-json\/wp\/v2\/posts\/5750","targetHints":{"allow":["GET"]}}],"collection":[{"href":"https:\/\/areabadalona.com\/diario\/wp-json\/wp\/v2\/posts"}],"about":[{"href":"https:\/\/areabadalona.com\/diario\/wp-json\/wp\/v2\/types\/post"}],"author":[{"embeddable":true,"href":"https:\/\/areabadalona.com\/diario\/wp-json\/wp\/v2\/users\/2"}],"replies":[{"embeddable":true,"href":"https:\/\/areabadalona.com\/diario\/wp-json\/wp\/v2\/comments?post=5750"}],"version-history":[{"count":1,"href":"https:\/\/areabadalona.com\/diario\/wp-json\/wp\/v2\/posts\/5750\/revisions"}],"predecessor-version":[{"id":5752,"href":"https:\/\/areabadalona.com\/diario\/wp-json\/wp\/v2\/posts\/5750\/revisions\/5752"}],"wp:featuredmedia":[{"embeddable":true,"href":"https:\/\/areabadalona.com\/diario\/wp-json\/wp\/v2\/media\/5751"}],"wp:attachment":[{"href":"https:\/\/areabadalona.com\/diario\/wp-json\/wp\/v2\/media?parent=5750"}],"wp:term":[{"taxonomy":"category","embeddable":true,"href":"https:\/\/areabadalona.com\/diario\/wp-json\/wp\/v2\/categories?post=5750"},{"taxonomy":"post_tag","embeddable":true,"href":"https:\/\/areabadalona.com\/diario\/wp-json\/wp\/v2\/tags?post=5750"}],"curies":[{"name":"wp","href":"https:\/\/api.w.org\/{rel}","templated":true}]}}