{"id":5747,"date":"2023-09-20T08:02:45","date_gmt":"2023-09-20T08:02:45","guid":{"rendered":"https:\/\/areabadalona.com\/diario\/?p=5747"},"modified":"2023-09-22T08:04:12","modified_gmt":"2023-09-22T08:04:12","slug":"badalona-acull-la-cursa-la-rentree-que-es-correra-aquest-diumenge-24-de-setembre","status":"publish","type":"post","link":"https:\/\/areabadalona.com\/diario\/2023\/09\/20\/badalona-acull-la-cursa-la-rentree-que-es-correra-aquest-diumenge-24-de-setembre\/","title":{"rendered":"Badalona acull la cursa La Rentr\u00e9e que es correr\u00e0 aquest diumenge 24 de setembre\u00a0"},"content":{"rendered":"\n<p>El litoral badalon\u00ed acull aquest diumenge, 24 de setembre, la cursa La Rentr\u00e9e, una cursa inclusiva que constar\u00e0 de dues dist\u00e0ncies competitives: una de 10 quil\u00f2metres i una de 5 quil\u00f2metres (que comptaran amb cronometratge oficial) i una tercera cursa no competitiva, amb un caire m\u00e9s familiar i on es poden portar mascotes, de 3 quil\u00f2metres. &nbsp;<\/p>\n\n\n\n<p>El punt de sortida i arribada de la cursa estar\u00e0 situat al passeig de la Rambla, a l\u2019al\u00e7ada del monument a Roca i Pi, on hi haur\u00e0 servei de guarda-roba. La sortida de les carreres de 10 i 5 quil\u00f2metres ser\u00e0 a les 10 hores, i la de 3 quil\u00f2metres, a les 11.30 hores. &nbsp;<\/p>\n\n\n\n<p>Els dorsals i la bossa del corredor es poden recollir dissabte, 23 de setembre, de 10 a 20 hores, i el mateix diumenge 24, dia de la cursa, de 8 a 11 hores a l&#8217;Escola del Mar. Centre d\u2019Estudis Marins de Badalona (passeig de la Rambla, 37). Les inscripcions per poder participar a la cursa es tanquen dem\u00e0 dijous, 21 de setembre de 2023, a les 23.59 hores. &nbsp;<\/p>\n\n\n\n<p>La cursa tamb\u00e9 t\u00e9 un vessant solidari at\u00e8s que les persones que vulguin podran fer un donatiu a la Creu Roja en el moment de la seva inscripci\u00f3.&nbsp;<\/p>\n\n\n\n<p>L\u2019acte ha comptat amb la pres\u00e8ncia el primer tinent d\u2019alcalde i regidor de l\u2019\u00c0mbit d\u2019Hisenda i Finances, Recursos Interns, Esports i Seguretat de l\u2019Ajuntament de Badalona, Juan Fern\u00e1ndez; la regidora de l\u2019\u00c0rea de Gent Gran, Feminismes i LGTBIQ+ i Diversitat Funcional, Florencia Badia; del regidor de l\u2019\u00c0rea de Coordinaci\u00f3 Territorial i adjunt d\u2019Esports, Juan Jos\u00e9 Portillo, Jaime Grau, gerent de Zona Vip Events, l\u2019empresa badalonina organitzadora de la cursa, i dels diferents patrocinadors.&nbsp;<\/p>\n\n\n\n<p>El primer tinent d\u2019alcalde, Juan Fern\u00e1ndez, ha destacat que: \u201cestem molt satisfets que organitzadors i patrocinadors apostin per Badalona com a circu\u00eft de curses, aquests esdeveniments s\u00f3n benvinguts perqu\u00e8, a m\u00e9s de fomentar la participaci\u00f3 esportiva dels badalonins i badalonines, s\u00f3n molts positius per a la projecci\u00f3 de la imatge de la ciutat\u201d.&nbsp;<\/p>\n","protected":false},"excerpt":{"rendered":"<p>El litoral badalon\u00ed acull aquest diumenge, 24 de setembre, la cursa La Rentr\u00e9e, una cursa inclusiva que constar\u00e0 de dues dist\u00e0ncies competitives: una de 10 quil\u00f2metres i una de 5 quil\u00f2metres (que comptaran amb cronometratge oficial) i una tercera cursa no competitiva, amb un caire m\u00e9s familiar i on es poden portar mascotes, de 3 [&hellip;]<\/p>\n","protected":false},"author":2,"featured_media":5748,"comment_status":"open","ping_status":"open","sticky":false,"template":"","format":"standard","meta":{"footnotes":""},"categories":[26],"tags":[],"class_list":{"0":"post-5747","1":"post","2":"type-post","3":"status-publish","4":"format-standard","5":"has-post-thumbnail","7":"category-esports"},"_links":{"self":[{"href":"https:\/\/areabadalona.com\/diario\/wp-json\/wp\/v2\/posts\/5747","targetHints":{"allow":["GET"]}}],"collection":[{"href":"https:\/\/areabadalona.com\/diario\/wp-json\/wp\/v2\/posts"}],"about":[{"href":"https:\/\/areabadalona.com\/diario\/wp-json\/wp\/v2\/types\/post"}],"author":[{"embeddable":true,"href":"https:\/\/areabadalona.com\/diario\/wp-json\/wp\/v2\/users\/2"}],"replies":[{"embeddable":true,"href":"https:\/\/areabadalona.com\/diario\/wp-json\/wp\/v2\/comments?post=5747"}],"version-history":[{"count":1,"href":"https:\/\/areabadalona.com\/diario\/wp-json\/wp\/v2\/posts\/5747\/revisions"}],"predecessor-version":[{"id":5749,"href":"https:\/\/areabadalona.com\/diario\/wp-json\/wp\/v2\/posts\/5747\/revisions\/5749"}],"wp:featuredmedia":[{"embeddable":true,"href":"https:\/\/areabadalona.com\/diario\/wp-json\/wp\/v2\/media\/5748"}],"wp:attachment":[{"href":"https:\/\/areabadalona.com\/diario\/wp-json\/wp\/v2\/media?parent=5747"}],"wp:term":[{"taxonomy":"category","embeddable":true,"href":"https:\/\/areabadalona.com\/diario\/wp-json\/wp\/v2\/categories?post=5747"},{"taxonomy":"post_tag","embeddable":true,"href":"https:\/\/areabadalona.com\/diario\/wp-json\/wp\/v2\/tags?post=5747"}],"curies":[{"name":"wp","href":"https:\/\/api.w.org\/{rel}","templated":true}]}}