{"id":5744,"date":"2023-09-20T07:57:53","date_gmt":"2023-09-20T07:57:53","guid":{"rendered":"https:\/\/areabadalona.com\/diario\/?p=5744"},"modified":"2023-09-22T08:01:40","modified_gmt":"2023-09-22T08:01:40","slug":"el-psc-denuncia-que-locupacio-de-lantic-b9-fara-perdre-tallers-laborals-subvencionats","status":"publish","type":"post","link":"https:\/\/areabadalona.com\/diario\/2023\/09\/20\/el-psc-denuncia-que-locupacio-de-lantic-b9-fara-perdre-tallers-laborals-subvencionats\/","title":{"rendered":"El PSC denuncia que l&#8217;ocupaci\u00f3 de l&#8217;antic B9 far\u00e0 perdre tallers laborals subvencionats"},"content":{"rendered":"\n<p>El president del grup municipal del PSC, Fernando Carrera, ha denunciat aquest dimecres l&#8217;ocupaci\u00f3, aquest estiu, de l&#8217;antic institut B9, al barri del Remei. Des de fa anys, aquest edifici era utilitzat per l&#8217;Institut Municipal de l&#8217;Ocupaci\u00f3, l&#8217;IMPO, per realitzar tallers d&#8217;orientaci\u00f3 laboral, dedicats a l&#8217;electricitat i lampisteria, a part d&#8217;alguns espec\u00edfics de soldadura. Carrera ha denunciat que aquestes especialitats no es podran fer en aquest espai perqu\u00e8 l&#8217;edifici est\u00e0 ocupat, a m\u00e9s amb el risc de perdre les subvencions que rep l&#8217;IMPO\u00a0per aquests tallers. Fernando Carrera ha afegit que aquesta ocupaci\u00f3 \u00e9s un perill per les persones que hi malviuen, per la gran quantitat de deixalles que ja acumulen i no entenc com un govern, que ha fet bandera de tenir una regidoria espec\u00edfica d&#8217;ocupaci\u00f3, ha perm\u00e8s que s&#8217;ocupi aquest edifici municipal. Carrera ha demanat al govern del PP una resposta i quines alternatives s&#8217;han trobat per continuar duent a terme els tallers d&#8217;orientaci\u00f3 laboral.<\/p>\n","protected":false},"excerpt":{"rendered":"<p>El president del grup municipal del PSC, Fernando Carrera, ha denunciat aquest dimecres l&#8217;ocupaci\u00f3, aquest estiu, de l&#8217;antic institut B9, al barri del Remei. Des de fa anys, aquest edifici era utilitzat per l&#8217;Institut Municipal de l&#8217;Ocupaci\u00f3, l&#8217;IMPO, per realitzar tallers d&#8217;orientaci\u00f3 laboral, dedicats a l&#8217;electricitat i lampisteria, a part d&#8217;alguns espec\u00edfics de soldadura. Carrera [&hellip;]<\/p>\n","protected":false},"author":2,"featured_media":5745,"comment_status":"open","ping_status":"open","sticky":false,"template":"","format":"standard","meta":{"footnotes":""},"categories":[23],"tags":[],"class_list":{"0":"post-5744","1":"post","2":"type-post","3":"status-publish","4":"format-standard","5":"has-post-thumbnail","7":"category-actualitat"},"_links":{"self":[{"href":"https:\/\/areabadalona.com\/diario\/wp-json\/wp\/v2\/posts\/5744","targetHints":{"allow":["GET"]}}],"collection":[{"href":"https:\/\/areabadalona.com\/diario\/wp-json\/wp\/v2\/posts"}],"about":[{"href":"https:\/\/areabadalona.com\/diario\/wp-json\/wp\/v2\/types\/post"}],"author":[{"embeddable":true,"href":"https:\/\/areabadalona.com\/diario\/wp-json\/wp\/v2\/users\/2"}],"replies":[{"embeddable":true,"href":"https:\/\/areabadalona.com\/diario\/wp-json\/wp\/v2\/comments?post=5744"}],"version-history":[{"count":1,"href":"https:\/\/areabadalona.com\/diario\/wp-json\/wp\/v2\/posts\/5744\/revisions"}],"predecessor-version":[{"id":5746,"href":"https:\/\/areabadalona.com\/diario\/wp-json\/wp\/v2\/posts\/5744\/revisions\/5746"}],"wp:featuredmedia":[{"embeddable":true,"href":"https:\/\/areabadalona.com\/diario\/wp-json\/wp\/v2\/media\/5745"}],"wp:attachment":[{"href":"https:\/\/areabadalona.com\/diario\/wp-json\/wp\/v2\/media?parent=5744"}],"wp:term":[{"taxonomy":"category","embeddable":true,"href":"https:\/\/areabadalona.com\/diario\/wp-json\/wp\/v2\/categories?post=5744"},{"taxonomy":"post_tag","embeddable":true,"href":"https:\/\/areabadalona.com\/diario\/wp-json\/wp\/v2\/tags?post=5744"}],"curies":[{"name":"wp","href":"https:\/\/api.w.org\/{rel}","templated":true}]}}