{"id":5740,"date":"2023-09-20T10:23:14","date_gmt":"2023-09-20T10:23:14","guid":{"rendered":"https:\/\/areabadalona.com\/diario\/?p=5740"},"modified":"2023-09-20T10:23:15","modified_gmt":"2023-09-20T10:23:15","slug":"el-29-doctubre-torna-la-magic-bdn-running-unint-esport-i-solidaritat-a-badalona","status":"publish","type":"post","link":"https:\/\/areabadalona.com\/diario\/2023\/09\/20\/el-29-doctubre-torna-la-magic-bdn-running-unint-esport-i-solidaritat-a-badalona\/","title":{"rendered":"El 29 d\u2019octubre torna la M\u00e0gic BDN Running unint esport i solidaritat a Badalona"},"content":{"rendered":"\n<p>El pr\u00f2xim diumenge 29 d\u2019octubre Badalona tornar\u00e0 a ser el punt d\u2019uni\u00f3 entre el running i la<br>solidaritat gr\u00e0cies a la 12a edici\u00f3 de la M\u00e0gic BDN Running. La cursa, clau en el calendari<br>esportiu de la ciutat i els voltants, mant\u00e9 l\u2019exit\u00f3s format d\u2019altres anys, amb la sortida i<br>l\u2019arribada a la pla\u00e7a President Tarradellas i amb circuits totalment diferenciats.<br>Torna l\u2019emblem\u00e0tic circuit de 10 quil\u00f2metres, homologat per la Federaci\u00f3 Catalana<br>d\u2019Atletisme i que transcorre pels punts m\u00e9s caracter\u00edstics de Badalona. Aix\u00ed doncs, passar\u00e0 pel Centre Comercial M\u00e0gic Badalona, el Palau Municipal d\u2019Esports, la Rambla, el parc de Ca<br>l\u2019Arn\u00fas, el Port de Badalona o el fam\u00f3s Pont del Petroli i la f\u00e0brica de l\u2019An\u00eds del Mono.<br>Pel que fa al circuit de 5 quil\u00f2metres ser\u00e0 una variant del circuit de llarg i estar\u00e0 pensat per<br>aquells que volen fer marques r\u00e0pides o que s\u2019inicien al m\u00f3n del running. Ambd\u00f3s circuits<br>puntuen a la lliga ChampionChip.<br>A m\u00e9s, un any m\u00e9s, tornen les curses infantils, amb diverses categories segons les edats i<br>que tenen com a objectiu iniciar els i les runners m\u00e9s joves en el m\u00f3n de l\u2019esport i compartir amb ells els valors de la solidaritat i l\u2019esperit familiar i festiu que caracteritzen aquesta prova.<br><strong>\u2018Feta per tothom\u2019, homenatge a les persones que fan possible la cursa<br><\/strong>La M\u00e0gic BDN Running no nom\u00e9s \u00e9s una de les grans cites esportives i solid\u00e0ries de la ciutat, sin\u00f3 que tamb\u00e9 es caracteritza per moure una gran quantitat de gent que comparteixen els<br>valors de l\u2019esport i la solidaritat: esportistes, voluntaris, organitzaci\u00f3, p\u00fablic\u2026<br>El claim d\u2019aquest any \u2018Feta per tothom\u2019 vol precisament rendir homenatge a totes aquelles<br>persones que, d\u2019una manera o altra, aconsegueixen any rere any fer que la M\u00e0gic BDN<br>Running sigui molt m\u00e9s que una cursa.<br>A m\u00e9s, aquest any s\u2019introdueixen tant al cartell com a la gr\u00e0fica general tres personatges que representen i personifiquen els tres pilars de la cursa: running, solidaritat i Badalona. I \u00e9s que darrere de cadascun d\u2019aquests pilars tamb\u00e9 hi ha moltes persones que els representen i a qui es vol rendir homenatge.<br><strong>Comprom\u00eds solidari<\/strong><br>Un any m\u00e9s, la M\u00e0gic BDN Running torna a renovar el seu comprom\u00eds solidari en la lluita<br>contra la leuc\u00e8mia. I \u00e9s que cal recordar que la prova \u00e9s un homenatge a l\u2019atleta badalon\u00ed<br>Luis Condon, que va morir el 2012 a causa d\u2019aquesta malaltia.<br>Per aix\u00f2, 1 euro de cada inscripci\u00f3 ser\u00e0 donat per part de l\u2019organitzaci\u00f3 a la Fundaci\u00f3<br>Josep Carreras a favor de la lluita contra aquesta malaltia. A m\u00e9s, com \u00e9s habitual, les<br>persones participants podran adquirir el \u2018Dorsal Imparable\u2019 que permet fer, junt amb la<br>inscripci\u00f3, una donaci\u00f3 extra a la Fundaci\u00f3 Josep Carreras i rebre un obsequi i serveis<br>premium el dia de la cursa.<br>En les \u00faltimes 11 edicions la cursa ha assolit 50.000 euros en donatius i, a m\u00e9s, ha<br>contribu\u00eft a donar visibilitat a aquesta causa que est\u00e0 molt present en tota la campanya de<br>comunicaci\u00f3 de la cursa i que s\u2019acompanya amb un comprom\u00eds amb el Banc de Sang i Teixits per informar sobre la donaci\u00f3 de medul\u00b7la \u00f2ssia.<br><\/p>\n","protected":false},"excerpt":{"rendered":"<p>El pr\u00f2xim diumenge 29 d\u2019octubre Badalona tornar\u00e0 a ser el punt d\u2019uni\u00f3 entre el running i lasolidaritat gr\u00e0cies a la 12a edici\u00f3 de la M\u00e0gic BDN Running. La cursa, clau en el calendariesportiu de la ciutat i els voltants, mant\u00e9 l\u2019exit\u00f3s format d\u2019altres anys, amb la sortida il\u2019arribada a la pla\u00e7a President Tarradellas i amb [&hellip;]<\/p>\n","protected":false},"author":2,"featured_media":5741,"comment_status":"open","ping_status":"open","sticky":false,"template":"","format":"standard","meta":{"footnotes":""},"categories":[26],"tags":[],"class_list":{"0":"post-5740","1":"post","2":"type-post","3":"status-publish","4":"format-standard","5":"has-post-thumbnail","7":"category-esports"},"_links":{"self":[{"href":"https:\/\/areabadalona.com\/diario\/wp-json\/wp\/v2\/posts\/5740","targetHints":{"allow":["GET"]}}],"collection":[{"href":"https:\/\/areabadalona.com\/diario\/wp-json\/wp\/v2\/posts"}],"about":[{"href":"https:\/\/areabadalona.com\/diario\/wp-json\/wp\/v2\/types\/post"}],"author":[{"embeddable":true,"href":"https:\/\/areabadalona.com\/diario\/wp-json\/wp\/v2\/users\/2"}],"replies":[{"embeddable":true,"href":"https:\/\/areabadalona.com\/diario\/wp-json\/wp\/v2\/comments?post=5740"}],"version-history":[{"count":1,"href":"https:\/\/areabadalona.com\/diario\/wp-json\/wp\/v2\/posts\/5740\/revisions"}],"predecessor-version":[{"id":5742,"href":"https:\/\/areabadalona.com\/diario\/wp-json\/wp\/v2\/posts\/5740\/revisions\/5742"}],"wp:featuredmedia":[{"embeddable":true,"href":"https:\/\/areabadalona.com\/diario\/wp-json\/wp\/v2\/media\/5741"}],"wp:attachment":[{"href":"https:\/\/areabadalona.com\/diario\/wp-json\/wp\/v2\/media?parent=5740"}],"wp:term":[{"taxonomy":"category","embeddable":true,"href":"https:\/\/areabadalona.com\/diario\/wp-json\/wp\/v2\/categories?post=5740"},{"taxonomy":"post_tag","embeddable":true,"href":"https:\/\/areabadalona.com\/diario\/wp-json\/wp\/v2\/tags?post=5740"}],"curies":[{"name":"wp","href":"https:\/\/api.w.org\/{rel}","templated":true}]}}