{"id":5737,"date":"2023-09-08T09:52:56","date_gmt":"2023-09-08T09:52:56","guid":{"rendered":"https:\/\/areabadalona.com\/diario\/?p=5737"},"modified":"2023-09-20T09:54:58","modified_gmt":"2023-09-20T09:54:58","slug":"lajuntament-de-badalona-contractara-86-persones-aturades-amb-dificultats-per-incorporar-se-al-mercat-laboral","status":"publish","type":"post","link":"https:\/\/areabadalona.com\/diario\/2023\/09\/08\/lajuntament-de-badalona-contractara-86-persones-aturades-amb-dificultats-per-incorporar-se-al-mercat-laboral\/","title":{"rendered":"L\u2019Ajuntament de Badalona contractar\u00e0 86 persones aturades amb dificultats per incorporar-se al mercat laboral\u00a0"},"content":{"rendered":"\n<p>L\u2019Ajuntament de Badalona, a trav\u00e9s del servei Impuls Municipal de Promoci\u00f3 de l\u2019Ocupaci\u00f3 (IMPO), contractar\u00e0 durant 12 mesos a 86 persones aturades perqu\u00e8 millorin la seva ocupabilitat amb l\u2019adquisici\u00f3 d\u2019aptituds i compet\u00e8ncies professionals, t\u00e8cniques i personals. A trav\u00e9s del programa \u201cTreball i Formaci\u00f3\u201d del Servei d\u2019Ocupaci\u00f3 de Catalunya (SOC), l\u2019objectiu \u00e9s afavorir la contractaci\u00f3 de persones en situaci\u00f3 d\u2019atur amb especial vulnerabilitat i amb dificultats per accedir al mercat laboral.&nbsp;<\/p>\n\n\n\n<p>El programa consta de cinc l\u00ednies d\u2019actuaci\u00f3 segons el perfil de les persones desocupades. Entre altres llocs que desenvoluparan, permetran a l\u2019Ajuntament augmentar en 16 persones el nombre d\u2019agents c\u00edvics als carrers, aix\u00ed com 36 oficials d\u2019oficis de diferents \u00e0mbits com la jardineria, pintura, construcci\u00f3 o lampisteria&#8230; que milloraran els carrers i les instal\u00b7lacions municipals.&nbsp;<\/p>\n\n\n\n<p>Les persones contractades desenvoluparan la seva feina entre el mes de novembre de 2023 i el mes d\u2019octubre de 2024 i durant tot el proc\u00e9s rebran l\u2019acompanyament i l\u2019assessorament necessari.&nbsp;<\/p>\n\n\n\n<p>La segona tinenta d\u2019alcaldia i regidora de l\u2019\u00c0mbit d\u2019Impuls Econ\u00f2mic i de Ciutat, Treball, Cultura, Ciutadania i Govern de l\u2019Ajuntament de Badalona, Cristina Ag\u00fcera, assegura que: \u201cEl Govern municipal t\u00e9 el ferm comprom\u00eds d\u2019ajudar els ve\u00efns a entrar o reincorporar-se al mercat laboral i per aix\u00f2 els programes d\u2019ocupaci\u00f3 que engegarem en els pr\u00f2xims mesos serviran perqu\u00e8 molts d\u2019ells ho facin, a m\u00e9s, contribuint a millorar la nostra ciutat\u201d.&nbsp;<\/p>\n\n\n\n<p>El personal de l\u2019IMPO es posar\u00e0 en contacte, entre el 25 i el 27 de setembre, amb aquelles persones que compleixin els requisits administratius i el perfil del lloc de treball, segons les dades facilitades per les oficines de treball del municipi.&nbsp;<\/p>\n","protected":false},"excerpt":{"rendered":"<p>L\u2019Ajuntament de Badalona, a trav\u00e9s del servei Impuls Municipal de Promoci\u00f3 de l\u2019Ocupaci\u00f3 (IMPO), contractar\u00e0 durant 12 mesos a 86 persones aturades perqu\u00e8 millorin la seva ocupabilitat amb l\u2019adquisici\u00f3 d\u2019aptituds i compet\u00e8ncies professionals, t\u00e8cniques i personals. A trav\u00e9s del programa \u201cTreball i Formaci\u00f3\u201d del Servei d\u2019Ocupaci\u00f3 de Catalunya (SOC), l\u2019objectiu \u00e9s afavorir la contractaci\u00f3 de [&hellip;]<\/p>\n","protected":false},"author":2,"featured_media":5738,"comment_status":"open","ping_status":"open","sticky":false,"template":"","format":"standard","meta":{"footnotes":""},"categories":[23],"tags":[],"class_list":{"0":"post-5737","1":"post","2":"type-post","3":"status-publish","4":"format-standard","5":"has-post-thumbnail","7":"category-actualitat"},"_links":{"self":[{"href":"https:\/\/areabadalona.com\/diario\/wp-json\/wp\/v2\/posts\/5737","targetHints":{"allow":["GET"]}}],"collection":[{"href":"https:\/\/areabadalona.com\/diario\/wp-json\/wp\/v2\/posts"}],"about":[{"href":"https:\/\/areabadalona.com\/diario\/wp-json\/wp\/v2\/types\/post"}],"author":[{"embeddable":true,"href":"https:\/\/areabadalona.com\/diario\/wp-json\/wp\/v2\/users\/2"}],"replies":[{"embeddable":true,"href":"https:\/\/areabadalona.com\/diario\/wp-json\/wp\/v2\/comments?post=5737"}],"version-history":[{"count":1,"href":"https:\/\/areabadalona.com\/diario\/wp-json\/wp\/v2\/posts\/5737\/revisions"}],"predecessor-version":[{"id":5739,"href":"https:\/\/areabadalona.com\/diario\/wp-json\/wp\/v2\/posts\/5737\/revisions\/5739"}],"wp:featuredmedia":[{"embeddable":true,"href":"https:\/\/areabadalona.com\/diario\/wp-json\/wp\/v2\/media\/5738"}],"wp:attachment":[{"href":"https:\/\/areabadalona.com\/diario\/wp-json\/wp\/v2\/media?parent=5737"}],"wp:term":[{"taxonomy":"category","embeddable":true,"href":"https:\/\/areabadalona.com\/diario\/wp-json\/wp\/v2\/categories?post=5737"},{"taxonomy":"post_tag","embeddable":true,"href":"https:\/\/areabadalona.com\/diario\/wp-json\/wp\/v2\/tags?post=5737"}],"curies":[{"name":"wp","href":"https:\/\/api.w.org\/{rel}","templated":true}]}}