{"id":5731,"date":"2023-09-14T09:50:32","date_gmt":"2023-09-14T09:50:32","guid":{"rendered":"https:\/\/areabadalona.com\/diario\/?p=5731"},"modified":"2023-09-20T09:51:12","modified_gmt":"2023-09-20T09:51:12","slug":"lespai-betulia-dedica-nou-cicle-de-classics-de-la-narrativa-a-el-viatge-a-la-literatura","status":"publish","type":"post","link":"https:\/\/areabadalona.com\/diario\/2023\/09\/14\/lespai-betulia-dedica-nou-cicle-de-classics-de-la-narrativa-a-el-viatge-a-la-literatura\/","title":{"rendered":"L\u2019Espai Bet\u00falia dedica nou cicle de Cl\u00e0ssics de la narrativa a El viatge a la literatura\u00a0"},"content":{"rendered":"\n<p>L&#8217;Espai Bet\u00falia, Centre de la paraula i les lletres, situat al carrer d\u2019Enric Borr\u00e0s, 43-47, presenta a partir del dimarts 19 de setembre el cicle <strong>Cl\u00e0ssics de la narrativa<\/strong>, que enguany es dedica a \u201cEl viatge a la literatura\u201d.&nbsp;<\/p>\n\n\n\n<p>Es tracta d\u2019un curs coordinat per l&#8217;escriptora i professora del Col\u00b7legi Badalon\u00e8s, Blanca Bravo Cela, que tindr\u00e0 lloc els dimarts dels mesos de setembre i octubre, a partir de les 19 hores, amb una pon\u00e8ncia, a c\u00e0rrec d\u2019un especialista, i un posterior debat obert al p\u00fablic.&nbsp;<\/p>\n\n\n\n<p>Tot partint d\u2019un dels primers viatges de qu\u00e8 hi ha not\u00edcia \u2013<em>l\u2019Odissea, <\/em>d\u2019Homer-l\u2019Espai Bet\u00falia proposa un recorregut per grans t\u00edtols de la literatura universal del segle XX, t\u00edtols que conviden a rec\u00f3rrer camins, carreteres i oceans per tal de trobar el m\u00e9s preuat dels secrets: el sentit de la vida de l\u2019\u00e9sser hum\u00e0 xifrat en la transformaci\u00f3 de qui protagonitza les p\u00e0gines i tamb\u00e9 de qui les llegeix.&nbsp;<\/p>\n\n\n\n<p><strong>Programa&nbsp;<\/strong><\/p>\n\n\n\n<p>&#8211; 19 de setembre: <em>Odissea <\/em>d\u2019Homer (s. VIII a. C.). Roger Alauja&nbsp;<\/p>\n\n\n\n<p>&#8211; 26 de setembre: <em>El cor de les tenebres<\/em> (1899) de Joseph Conrad. Montse Vancells&nbsp;<\/p>\n\n\n\n<p>&#8211; 3 d\u2019octubre. <em>El viaje de ida<\/em> (1915) de Virginia Woolf. Iris Llop&nbsp;<\/p>\n\n\n\n<p>&#8211; 10 d\u2019octubre. El Marroc sensual i fan\u00e0tic (1936) d\u2019Aurora Bertrana. Elisenda Marcer&nbsp;<\/p>\n\n\n\n<p>&#8211; 17 d\u2019octubre. <em>Pedro P\u00e1ramo<\/em> (1955) de Juan Rulfo. Blanca Bravo&nbsp;<\/p>\n\n\n\n<p>&#8211; 24 d\u2019octubre: <em>A la carretera<\/em> (1957) de Jack Kerouac. Joaquim Molina&nbsp;<\/p>\n\n\n\n<p>L\u2019assist\u00e8ncia \u00e9s lliure. L\u2019aforament, per\u00f2, \u00e9s limitat. Es recomana fer la inscripci\u00f3 trucant al tel\u00e8fon 93 464 62 55 o escrivint al correu electr\u00f2nic <a href=\"mailto:espaibetulia@badalona.cat\">espaibetulia@badalona.cat<\/a>, indicant nom, cognoms i tel\u00e8fon.&nbsp;<\/p>\n","protected":false},"excerpt":{"rendered":"<p>L&#8217;Espai Bet\u00falia, Centre de la paraula i les lletres, situat al carrer d\u2019Enric Borr\u00e0s, 43-47, presenta a partir del dimarts 19 de setembre el cicle Cl\u00e0ssics de la narrativa, que enguany es dedica a \u201cEl viatge a la literatura\u201d.&nbsp; Es tracta d\u2019un curs coordinat per l&#8217;escriptora i professora del Col\u00b7legi Badalon\u00e8s, Blanca Bravo Cela, que [&hellip;]<\/p>\n","protected":false},"author":2,"featured_media":5732,"comment_status":"open","ping_status":"open","sticky":false,"template":"","format":"standard","meta":{"footnotes":""},"categories":[25],"tags":[],"class_list":{"0":"post-5731","1":"post","2":"type-post","3":"status-publish","4":"format-standard","5":"has-post-thumbnail","7":"category-cultura"},"_links":{"self":[{"href":"https:\/\/areabadalona.com\/diario\/wp-json\/wp\/v2\/posts\/5731","targetHints":{"allow":["GET"]}}],"collection":[{"href":"https:\/\/areabadalona.com\/diario\/wp-json\/wp\/v2\/posts"}],"about":[{"href":"https:\/\/areabadalona.com\/diario\/wp-json\/wp\/v2\/types\/post"}],"author":[{"embeddable":true,"href":"https:\/\/areabadalona.com\/diario\/wp-json\/wp\/v2\/users\/2"}],"replies":[{"embeddable":true,"href":"https:\/\/areabadalona.com\/diario\/wp-json\/wp\/v2\/comments?post=5731"}],"version-history":[{"count":1,"href":"https:\/\/areabadalona.com\/diario\/wp-json\/wp\/v2\/posts\/5731\/revisions"}],"predecessor-version":[{"id":5733,"href":"https:\/\/areabadalona.com\/diario\/wp-json\/wp\/v2\/posts\/5731\/revisions\/5733"}],"wp:featuredmedia":[{"embeddable":true,"href":"https:\/\/areabadalona.com\/diario\/wp-json\/wp\/v2\/media\/5732"}],"wp:attachment":[{"href":"https:\/\/areabadalona.com\/diario\/wp-json\/wp\/v2\/media?parent=5731"}],"wp:term":[{"taxonomy":"category","embeddable":true,"href":"https:\/\/areabadalona.com\/diario\/wp-json\/wp\/v2\/categories?post=5731"},{"taxonomy":"post_tag","embeddable":true,"href":"https:\/\/areabadalona.com\/diario\/wp-json\/wp\/v2\/tags?post=5731"}],"curies":[{"name":"wp","href":"https:\/\/api.w.org\/{rel}","templated":true}]}}