{"id":5728,"date":"2023-09-20T09:48:29","date_gmt":"2023-09-20T09:48:29","guid":{"rendered":"https:\/\/areabadalona.com\/diario\/?p=5728"},"modified":"2023-09-20T09:48:30","modified_gmt":"2023-09-20T09:48:30","slug":"lajuntament-presenta-el-programa-dactivitats-amb-motiu-del-dia-internacional-de-la-gent-gran","status":"publish","type":"post","link":"https:\/\/areabadalona.com\/diario\/2023\/09\/20\/lajuntament-presenta-el-programa-dactivitats-amb-motiu-del-dia-internacional-de-la-gent-gran\/","title":{"rendered":"L\u2019Ajuntament presenta el programa d\u2019activitats amb motiu del Dia Internacional de la Gent Gran\u00a0"},"content":{"rendered":"\n<p>Amb motiu de la celebraci\u00f3 el pr\u00f2xim diumenge 1 d\u2019octubre del Dia Internacional de la Gent Gran, el Departament de Gent Gran de l\u2019Ajuntament de Badalona ha organitzat un seguit d\u2019activitats dirigides a aquest col\u00b7lectiu. L\u2019Ajuntament presenta un programa d\u2019activitats relacionades amb la lectura i la escriptura; les arts pict\u00f2riques; les arts esc\u00e8niques; les arts marcials, el ball i tamb\u00e9 l\u2019esport.&nbsp;<\/p>\n\n\n\n<p>L&#8217;Assemblea General de Nacions Unides, a la Resoluci\u00f3 45\/106, de 14 de desembre de 1990, va proclamar l&#8217;1 d&#8217;octubre Dia Internacional de la Gent Gran per instar d&#8217;aquesta manera a reflexionar sobre els reptes socials i pol\u00edtics que suposa el creixent envelliment demogr\u00e0fic i proposa vetllar per una vellesa digna i segura.&nbsp;<\/p>\n\n\n\n<p>Anualment des de l\u2019Ajuntament de Badalona, a trav\u00e9s del Departament de Gent Gran, s\u2019organitzen un seguit d\u2019actes adre\u00e7ats a la gent gran de la ciutat, L\u2019acte institucional del Dia Internacional de la Gent Gran a Badalona tindr\u00e0 lloc el divendres 29 de setembre, a partir de les 17 hores, al Teatre Zorrilla on s\u2019inclou la presentaci\u00f3 de la sarsuela <em>La corte de fara\u00f3n<\/em>.&nbsp;<\/p>\n\n\n\n<p>La Regidora de l\u2019\u00c0rea de Gent Gran de l\u2019Ajuntament, Flor\u00e8ncia Badia: \u201canima tothom a participar en les activitats variades que es fan per la setmana de la Gent Gran\u201d.&nbsp;<\/p>\n\n\n\n<p>Algunes activitats requereixen confirmar assist\u00e8ncia o invitaci\u00f3.&nbsp;<\/p>\n\n\n\n<p><strong>PROGRAMA&nbsp;<\/strong><\/p>\n\n\n\n<p><strong>Exposici\u00f3 pict\u00f2rica&nbsp;<\/strong><\/p>\n\n\n\n<p>Badalona es fa gran pintant&nbsp;<\/p>\n\n\n\n<p>Inauguraci\u00f3, dilluns 25 setembre, a les 11 hores. Visites de dilluns 25 a dissabte 30, d\u201911 a 13 hores&nbsp;<\/p>\n\n\n\n<p>Escola del Mar \/ Acc\u00e9s lliure&nbsp;<\/p>\n\n\n\n<p><strong>Masterclass de Txi-Kung<\/strong> (varietat del Taitx\u00ed)&nbsp;<\/p>\n\n\n\n<p>Dimarts 26 de setembre, a les 10 hores&nbsp;<\/p>\n\n\n\n<p>Platja del Coco \/ Acc\u00e9s lliure&nbsp;<\/p>\n\n\n\n<p><strong>Mostra de ball en l\u00ednia&nbsp;<\/strong><\/p>\n\n\n\n<p>A c\u00e0rrec de Ball al Parc&nbsp;<\/p>\n\n\n\n<p>Dimarts 26 de setembre, a les 18 h&nbsp;<\/p>\n\n\n\n<p>Platja del Coco \/ Acc\u00e9s lliure&nbsp;<\/p>\n\n\n\n<p><strong>Xerrada-col\u00b7loqui. La pintura com a ter\u00e0pia i els beneficis en la gent gran &nbsp;<\/strong><\/p>\n\n\n\n<p>Dimecres 27 de setembre, a les 18 hores&nbsp;<\/p>\n\n\n\n<p>Escola del Mar \/ Cal confirmar assist\u00e8ncia al tel\u00e8fon: 93 483 29 71&nbsp;<\/p>\n\n\n\n<p><strong>Xerrada-col\u00b7loqui. Els beneficis de la lectura i l\u2019escriptura per a la gent gran&nbsp;<\/strong><\/p>\n\n\n\n<p>Dijous 28 de setembre, a les 17 hores&nbsp;<\/p>\n\n\n\n<p>Museu de Badalona \/ Cal confirmar assist\u00e8ncia al tel\u00e8fon: 93 483 29 71&nbsp;<\/p>\n\n\n\n<p><strong>Acte institucional del Dia Internacional de la Gent Gran.&nbsp;<\/strong><\/p>\n\n\n\n<p><strong>Presentaci\u00f3 de la sarsuela <em>La corte de fara\u00f3n<\/em>&nbsp;<\/strong><\/p>\n\n\n\n<p>Divendres 29 de setembre, a les 17 hores&nbsp;<\/p>\n\n\n\n<p>Teatre Zorrilla \/ Cal invitaci\u00f3: 93 483 29 71&nbsp;<\/p>\n\n\n\n<p><strong>Cloenda de l\u2019exposici\u00f3 de pintura Pintors en viu a la Rambla&nbsp;<\/strong><\/p>\n\n\n\n<p>Dissabte 30 de setembre, a les 10 h&nbsp;<\/p>\n\n\n\n<p>Rambla de Badalona al costat de l\u2019Escola del Mar \/Acc\u00e9s lliure&nbsp;<\/p>\n\n\n\n<p><strong>ALTRES ACTIVITATS&nbsp;<\/strong><\/p>\n\n\n\n<p><strong>Cursa La Rentr\u00e9e de Badalona&nbsp;<\/strong><\/p>\n\n\n\n<p>Diumenge 24 de setembre&nbsp;<\/p>\n\n\n\n<p>10 hores, sortida de 5 km i 10 km&nbsp;<\/p>\n\n\n\n<p>11.30 hores, sortida 3 km.&nbsp;<\/p>\n\n\n\n<p>Ho organitza: Zona Vip Events. Hi col\u00b7labora: Ajuntament de Badalona&nbsp;<\/p>\n\n\n\n<p>La Rambla de Badalona \/ Roca i Pi&nbsp;<\/p>\n\n\n\n<p>Inscripcions: per a totes les curses el 23 de setembre, de 10 a 20 hores a l\u2019Escola del Mar&nbsp;<\/p>\n\n\n\n<p>Preus 4 \u20ac &#8211; 12 \u20ac. \u00danicament el participants a la cursa de 3 km podran inscriure\u2019s tamb\u00e9 el mateix dia 24 de setembre, de 10 a 11 hores&nbsp;<\/p>\n\n\n\n<p><strong>Emissi\u00f3 del programa de Televisi\u00f3 de Badalona Qu\u00e8 m\u2019expliques?&nbsp;<\/strong><\/p>\n\n\n\n<p>Dimarts 26 de setembre, a les 19 hores&nbsp;<\/p>\n\n\n\n<p>Televisi\u00f3 Badalona visita la Fundaci\u00f3 Llegat Roca i Pi. Amb la participaci\u00f3 de persones residents a la Resid\u00e8ncia Fundaci\u00f3 Roca i Pi&nbsp;<\/p>\n\n\n\n<p>Per a m\u00e9s informaci\u00f3 i inscripcions: &nbsp;<\/p>\n\n\n\n<p>Tel\u00e8fon. 93 483 29 71 \/ <a href=\"mailto:gentgran@badalona.cat\">gentgran@badalona.cat<\/a> &nbsp;<\/p>\n","protected":false},"excerpt":{"rendered":"<p>Amb motiu de la celebraci\u00f3 el pr\u00f2xim diumenge 1 d\u2019octubre del Dia Internacional de la Gent Gran, el Departament de Gent Gran de l\u2019Ajuntament de Badalona ha organitzat un seguit d\u2019activitats dirigides a aquest col\u00b7lectiu. L\u2019Ajuntament presenta un programa d\u2019activitats relacionades amb la lectura i la escriptura; les arts pict\u00f2riques; les arts esc\u00e8niques; les arts [&hellip;]<\/p>\n","protected":false},"author":2,"featured_media":5729,"comment_status":"open","ping_status":"open","sticky":false,"template":"","format":"standard","meta":{"footnotes":""},"categories":[23,24],"tags":[],"class_list":{"0":"post-5728","1":"post","2":"type-post","3":"status-publish","4":"format-standard","5":"has-post-thumbnail","7":"category-actualitat","8":"category-societat"},"_links":{"self":[{"href":"https:\/\/areabadalona.com\/diario\/wp-json\/wp\/v2\/posts\/5728","targetHints":{"allow":["GET"]}}],"collection":[{"href":"https:\/\/areabadalona.com\/diario\/wp-json\/wp\/v2\/posts"}],"about":[{"href":"https:\/\/areabadalona.com\/diario\/wp-json\/wp\/v2\/types\/post"}],"author":[{"embeddable":true,"href":"https:\/\/areabadalona.com\/diario\/wp-json\/wp\/v2\/users\/2"}],"replies":[{"embeddable":true,"href":"https:\/\/areabadalona.com\/diario\/wp-json\/wp\/v2\/comments?post=5728"}],"version-history":[{"count":1,"href":"https:\/\/areabadalona.com\/diario\/wp-json\/wp\/v2\/posts\/5728\/revisions"}],"predecessor-version":[{"id":5730,"href":"https:\/\/areabadalona.com\/diario\/wp-json\/wp\/v2\/posts\/5728\/revisions\/5730"}],"wp:featuredmedia":[{"embeddable":true,"href":"https:\/\/areabadalona.com\/diario\/wp-json\/wp\/v2\/media\/5729"}],"wp:attachment":[{"href":"https:\/\/areabadalona.com\/diario\/wp-json\/wp\/v2\/media?parent=5728"}],"wp:term":[{"taxonomy":"category","embeddable":true,"href":"https:\/\/areabadalona.com\/diario\/wp-json\/wp\/v2\/categories?post=5728"},{"taxonomy":"post_tag","embeddable":true,"href":"https:\/\/areabadalona.com\/diario\/wp-json\/wp\/v2\/tags?post=5728"}],"curies":[{"name":"wp","href":"https:\/\/api.w.org\/{rel}","templated":true}]}}