{"id":5724,"date":"2023-09-15T09:45:49","date_gmt":"2023-09-15T09:45:49","guid":{"rendered":"https:\/\/areabadalona.com\/diario\/?p=5724"},"modified":"2023-09-20T09:47:39","modified_gmt":"2023-09-20T09:47:39","slug":"bsa-sadhereix-al-dia-mundial-de-la-seguretat-del-pacient","status":"publish","type":"post","link":"https:\/\/areabadalona.com\/diario\/2023\/09\/15\/bsa-sadhereix-al-dia-mundial-de-la-seguretat-del-pacient\/","title":{"rendered":"BSA s\u2019adhereix al Dia Mundial de la Seguretat del Pacient\u00a0"},"content":{"rendered":"\n<p>BSA s\u2019adhereix al Dia Mundial de la Seguretat dels Pacients, que aquest 17 de setembre de 2023 commemora la fita amb el lema \u201cIncloguem els&nbsp;pacients en la seva seguretat\u201d. Es tracta d\u2019un reconeixement al paper crucial dels pacients, les seves fam\u00edlies i els cuidadors en la seguretat de l&#8217;assist\u00e8ncia sanit\u00e0ria. &nbsp;<\/p>\n\n\n\n<p><a href=\"https:\/\/www.who.int\/es\/news-room\/events\/detail\/2023\/09\/17\/default-calendar\/world-patient-safety-day-2023--engaging-patients-for-patient-safety\">L\u2019Organitzaci\u00f3 Mundial de la Salut<\/a> (OMS) com cada any busca sensibilitzar a tots sobre la import\u00e0ncia de les accions per reduir els riscos durant l&#8217;assist\u00e8ncia sanit\u00e0ria i aquest any en concret, sobre la import\u00e0ncia de donar veu als pacients, ja que aquesta implicaci\u00f3 beneficia la seguretat, satisfacci\u00f3 del pacient i t\u00e9 efectes en la salut. &nbsp;<\/p>\n\n\n\n<p>\u00c9s la l\u00ednia que impulsa BSA, organitzaci\u00f3 que treballa per incloure els pacients en la seva pr\u00f2pia assist\u00e8ncia, posant la persona en el centre de l\u2019atenci\u00f3 i vetllant per les necessitats de les persones que at\u00e9n. BSA t\u00e9 un ferm comprom\u00eds amb la millora continua i en&nbsp; treballar \u201cper i amb\u201d els pacients i les seves fam\u00edlies, facilitant espais d\u2019escolta activa i participaci\u00f3. &nbsp;<\/p>\n\n\n\n<p>En s\u00f3n exemples, els consells de salut&nbsp;de&nbsp;cada \u00c0rea B\u00e0sica d\u2019Atenci\u00f3 Prim\u00e0ria&nbsp;de BSA,&nbsp;dispositius participatius dels quals en formen part associacions de ve\u00efns, associacions de malalts, farm\u00e0cies, AMPA, casals de gent gran, casals de joves, t\u00e8cnics municipals de salut, representants de l\u2019Administraci\u00f3 Local, i professionals dels diferents centres.&nbsp;Aix\u00ed mateix,&nbsp;&nbsp;integrem la veu de pacients i familiars&nbsp;en totes les l\u00ednies assistencials&nbsp;escoltant&nbsp;les seves opinions, participant en tallers, grups de treball i enquestes, entre altres. La seva veu i experi\u00e8ncia \u00e9s clau per oferir uns serveis segurs i una atenci\u00f3 de qualitat, sense perdre la proximitat i l\u2019atenci\u00f3 humanitzada.&nbsp;<\/p>\n\n\n\n<p>Els propis diagn\u00f2stics de salut comunitaris a l\u2019Atenci\u00f3 Prim\u00e0ria de BSA s\u00f3n altres exemples on la participaci\u00f3 dels usuaris \u00e9s cabdal i el punt de partida per oferir el millor dels serveis i l\u2019oferta comunit\u00e0ria dels diferents centres d\u2019atenci\u00f3 prim\u00e0ria de l\u2019organitzaci\u00f3.&nbsp;<\/p>\n\n\n\n<p>D\u2019altra banda, la primera de les prioritats del pla desenvolupat des de 2022 \u00e9s l\u2019Experi\u00e8ncia de Pacient que engloba la humanitzaci\u00f3, el control del dolor, l&#8217;accessibilitat i tamb\u00e9 la participaci\u00f3 i presa de decisions. Un exemple clar \u00e9s el darrer projecte participatiu realitzat al Centre Sociosanitari El Carme &#8211; centre on es realitza atenci\u00f3 sanit\u00e0ria i social especialitzada en rehabilitaci\u00f3 i recuperaci\u00f3 integral de les persones- amb l\u2019objectiu d\u2019analitzar els serveis i detectar punts forts per impulsar la millora cont\u00ednua. Aquesta iniciativa s\u2019est\u00e0 portant a terme escoltant proactivament la veu de pacients, familiars i professionals tot treballant conjuntament amb entrevistes, tallers i focus grups. Aquesta manera d\u2019enfocar les millores ens obre la mirada, ens permet apropar-nos a les necessitats de les persones que atenem i refor\u00e7ar el comprom\u00eds de BSA amb els seus valors i amb la ciutadania.\u00a0<\/p>\n\n\n\n<p><\/p>\n","protected":false},"excerpt":{"rendered":"<p>BSA s\u2019adhereix al Dia Mundial de la Seguretat dels Pacients, que aquest 17 de setembre de 2023 commemora la fita amb el lema \u201cIncloguem els&nbsp;pacients en la seva seguretat\u201d. Es tracta d\u2019un reconeixement al paper crucial dels pacients, les seves fam\u00edlies i els cuidadors en la seguretat de l&#8217;assist\u00e8ncia sanit\u00e0ria. &nbsp; L\u2019Organitzaci\u00f3 Mundial de la [&hellip;]<\/p>\n","protected":false},"author":2,"featured_media":5725,"comment_status":"open","ping_status":"open","sticky":false,"template":"","format":"standard","meta":{"footnotes":""},"categories":[23,24],"tags":[],"class_list":{"0":"post-5724","1":"post","2":"type-post","3":"status-publish","4":"format-standard","5":"has-post-thumbnail","7":"category-actualitat","8":"category-societat"},"_links":{"self":[{"href":"https:\/\/areabadalona.com\/diario\/wp-json\/wp\/v2\/posts\/5724","targetHints":{"allow":["GET"]}}],"collection":[{"href":"https:\/\/areabadalona.com\/diario\/wp-json\/wp\/v2\/posts"}],"about":[{"href":"https:\/\/areabadalona.com\/diario\/wp-json\/wp\/v2\/types\/post"}],"author":[{"embeddable":true,"href":"https:\/\/areabadalona.com\/diario\/wp-json\/wp\/v2\/users\/2"}],"replies":[{"embeddable":true,"href":"https:\/\/areabadalona.com\/diario\/wp-json\/wp\/v2\/comments?post=5724"}],"version-history":[{"count":2,"href":"https:\/\/areabadalona.com\/diario\/wp-json\/wp\/v2\/posts\/5724\/revisions"}],"predecessor-version":[{"id":5727,"href":"https:\/\/areabadalona.com\/diario\/wp-json\/wp\/v2\/posts\/5724\/revisions\/5727"}],"wp:featuredmedia":[{"embeddable":true,"href":"https:\/\/areabadalona.com\/diario\/wp-json\/wp\/v2\/media\/5725"}],"wp:attachment":[{"href":"https:\/\/areabadalona.com\/diario\/wp-json\/wp\/v2\/media?parent=5724"}],"wp:term":[{"taxonomy":"category","embeddable":true,"href":"https:\/\/areabadalona.com\/diario\/wp-json\/wp\/v2\/categories?post=5724"},{"taxonomy":"post_tag","embeddable":true,"href":"https:\/\/areabadalona.com\/diario\/wp-json\/wp\/v2\/tags?post=5724"}],"curies":[{"name":"wp","href":"https:\/\/api.w.org\/{rel}","templated":true}]}}