{"id":5721,"date":"2023-09-20T09:30:35","date_gmt":"2023-09-20T09:30:35","guid":{"rendered":"https:\/\/areabadalona.com\/diario\/?p=5721"},"modified":"2023-09-20T09:30:36","modified_gmt":"2023-09-20T09:30:36","slug":"fins-al-28-de-setembre-les-entitats-de-badalona-poden-demanar-les-subvencions-per-a-dur-terme-actuacions-dutilitat-publica-o-interes-social-per-a-la-ciutat","status":"publish","type":"post","link":"https:\/\/areabadalona.com\/diario\/2023\/09\/20\/fins-al-28-de-setembre-les-entitats-de-badalona-poden-demanar-les-subvencions-per-a-dur-terme-actuacions-dutilitat-publica-o-interes-social-per-a-la-ciutat\/","title":{"rendered":"Fins al 28 de setembre les entitats de Badalona poden demanar les subvencions per a dur terme actuacions d\u2019utilitat p\u00fablica o inter\u00e8s social per a la ciutat\u00a0"},"content":{"rendered":"\n<p>Fins al pr\u00f2xim dijous 28 de setembre est\u00e0 oberta la convocat\u00f2ria de les subvencions que atorga l&#8217;Ajuntament de Badalona per concurr\u00e8ncia competitiva a les entitats que realitzin activitats o programes referits a l&#8217;educaci\u00f3, participaci\u00f3, acci\u00f3 cultural, cooperaci\u00f3, esports, joventut, feminisme, serveis socials, gent gran, conviv\u00e8ncia, salut i comer\u00e7, durant l&#8217;exercici 2023.&nbsp;<\/p>\n\n\n\n<p>Podran obtenir la condici\u00f3 de beneficiaries aquelles entitats que duguin a terme actuacions o programes d\u2019utilitat p\u00fablica o inter\u00e8s social per al municipi de Badalona; que les activitats complementin o supleixin la compet\u00e8ncia municipal, i que siguin sense afany de lucre.&nbsp;<\/p>\n\n\n\n<p>Les entintats que vulguin optar a les subvencions hauran de fer les sol\u00b7licituds a trav\u00e9s de la <a href=\"https:\/\/seu.badalona.cat\/sta\/CarpetaPublic\/doEvent?APP_CODE=STA&amp;PAGE_CODE=PTS_CATSERV&amp;DETALLE=6269000171155596899500\">seu electr\u00f2nica<\/a> fins al 28 de setembre a les 23.59 hores.&nbsp;<\/p>\n\n\n\n<p>Podreu trobar m\u00e9s informaci\u00f3 sobre la convocat\u00f2ria en aquest <a href=\"https:\/\/www.seu-e.cat\/ca\/web\/badalona\/govern-obert-i-transparencia\/contractes-convenis-i-subvencions\/convenis-i-subvencions\/convocatories-de-subvencions-i-ajuts\">enlla\u00e7<\/a>.&nbsp;<\/p>\n","protected":false},"excerpt":{"rendered":"<p>Fins al pr\u00f2xim dijous 28 de setembre est\u00e0 oberta la convocat\u00f2ria de les subvencions que atorga l&#8217;Ajuntament de Badalona per concurr\u00e8ncia competitiva a les entitats que realitzin activitats o programes referits a l&#8217;educaci\u00f3, participaci\u00f3, acci\u00f3 cultural, cooperaci\u00f3, esports, joventut, feminisme, serveis socials, gent gran, conviv\u00e8ncia, salut i comer\u00e7, durant l&#8217;exercici 2023.&nbsp; Podran obtenir la condici\u00f3 [&hellip;]<\/p>\n","protected":false},"author":2,"featured_media":5722,"comment_status":"open","ping_status":"open","sticky":false,"template":"","format":"standard","meta":{"footnotes":""},"categories":[23],"tags":[],"class_list":{"0":"post-5721","1":"post","2":"type-post","3":"status-publish","4":"format-standard","5":"has-post-thumbnail","7":"category-actualitat"},"_links":{"self":[{"href":"https:\/\/areabadalona.com\/diario\/wp-json\/wp\/v2\/posts\/5721","targetHints":{"allow":["GET"]}}],"collection":[{"href":"https:\/\/areabadalona.com\/diario\/wp-json\/wp\/v2\/posts"}],"about":[{"href":"https:\/\/areabadalona.com\/diario\/wp-json\/wp\/v2\/types\/post"}],"author":[{"embeddable":true,"href":"https:\/\/areabadalona.com\/diario\/wp-json\/wp\/v2\/users\/2"}],"replies":[{"embeddable":true,"href":"https:\/\/areabadalona.com\/diario\/wp-json\/wp\/v2\/comments?post=5721"}],"version-history":[{"count":1,"href":"https:\/\/areabadalona.com\/diario\/wp-json\/wp\/v2\/posts\/5721\/revisions"}],"predecessor-version":[{"id":5723,"href":"https:\/\/areabadalona.com\/diario\/wp-json\/wp\/v2\/posts\/5721\/revisions\/5723"}],"wp:featuredmedia":[{"embeddable":true,"href":"https:\/\/areabadalona.com\/diario\/wp-json\/wp\/v2\/media\/5722"}],"wp:attachment":[{"href":"https:\/\/areabadalona.com\/diario\/wp-json\/wp\/v2\/media?parent=5721"}],"wp:term":[{"taxonomy":"category","embeddable":true,"href":"https:\/\/areabadalona.com\/diario\/wp-json\/wp\/v2\/categories?post=5721"},{"taxonomy":"post_tag","embeddable":true,"href":"https:\/\/areabadalona.com\/diario\/wp-json\/wp\/v2\/tags?post=5721"}],"curies":[{"name":"wp","href":"https:\/\/api.w.org\/{rel}","templated":true}]}}