{"id":5718,"date":"2023-09-15T09:10:26","date_gmt":"2023-09-15T09:10:26","guid":{"rendered":"https:\/\/areabadalona.com\/diario\/?p=5718"},"modified":"2023-09-20T09:11:07","modified_gmt":"2023-09-20T09:11:07","slug":"comencen-les-obres-dinstal%c2%b7lacio-del-nou-sistema-daigua-sanitaria-i-de-boca-al-pavello-municipal-dausias-marc","status":"publish","type":"post","link":"https:\/\/areabadalona.com\/diario\/2023\/09\/15\/comencen-les-obres-dinstal%c2%b7lacio-del-nou-sistema-daigua-sanitaria-i-de-boca-al-pavello-municipal-dausias-marc\/","title":{"rendered":"Comencen les obres d\u2019instal\u00b7laci\u00f3 del nou sistema d\u2019aigua sanit\u00e0ria i de boca al pavell\u00f3 municipal d\u2019Ausi\u00e0s Marc\u00a0"},"content":{"rendered":"\n<p>Avui han comen\u00e7at les obres d\u2019instal\u00b7laci\u00f3 del nou sistema d\u2019aigua sanit\u00e0ria i de boca al pavell\u00f3 municipal Pa\u00efsos Catalans, al carrer d\u2019Ausi\u00e0s Marc, al barri del Raval, que no disposa d\u2019aquests serveis des de fa molt de temps. &nbsp;<\/p>\n\n\n\n<p>Les obres d\u2019instal\u00b7laci\u00f3 del nou sistema de producci\u00f3 d\u2019ACS (aigua calenta sanit\u00e0ria) i d\u2019AFCH (aigua freda per al consum hum\u00e0) suposen una inversi\u00f3 de m\u00e9s de 113.000 euros i han de permetre el normal funcionament d\u2019aquest servei per als usuaris de la instal\u00b7laci\u00f3 esportiva. El termini d\u2019execuci\u00f3 dels treballs \u00e9s de tres mesos.&nbsp;<\/p>\n\n\n\n<p>L&#8217;alcalde de Badalona, Xavier Garcia Albiol ha assegurat que \u00aben menys de tres mesos de Govern hem desbloquejat una situaci\u00f3 indigna per a una ciutat com Badalona que s&#8217;arrossegava durant tres anys\u00bb. \u00abUna de les nostres prioritats \u00e9s fer que Badalona tingui unes instal\u00b7lacions esportives com mereix i per aix\u00f2 hem encetat un pla molt ambici\u00f3s perqu\u00e8 els nostres esportistes puguin gaudir d\u2019unes camps i pavellons en condicions\u00bb&nbsp;<\/p>\n\n\n\n<p>En aquest sentit, l\u2019alcalde va anunciar el passat dia 5 de setembre, durant l\u2019acte de presentaci\u00f3 de la 35a Copa Badalona de B\u00e0squet, que l\u2019Ajuntament portar\u00e0 a terme obres per import d\u20191,5 milions d\u2019euros a 5 poliesportius municipals en les reformes necess\u00e0ries per disposar d\u2019unes instal\u00b7lacions esportives adequades.&nbsp;<\/p>\n","protected":false},"excerpt":{"rendered":"<p>Avui han comen\u00e7at les obres d\u2019instal\u00b7laci\u00f3 del nou sistema d\u2019aigua sanit\u00e0ria i de boca al pavell\u00f3 municipal Pa\u00efsos Catalans, al carrer d\u2019Ausi\u00e0s Marc, al barri del Raval, que no disposa d\u2019aquests serveis des de fa molt de temps. &nbsp; Les obres d\u2019instal\u00b7laci\u00f3 del nou sistema de producci\u00f3 d\u2019ACS (aigua calenta sanit\u00e0ria) i d\u2019AFCH (aigua freda [&hellip;]<\/p>\n","protected":false},"author":2,"featured_media":5719,"comment_status":"open","ping_status":"open","sticky":false,"template":"","format":"standard","meta":{"footnotes":""},"categories":[23,26],"tags":[],"class_list":{"0":"post-5718","1":"post","2":"type-post","3":"status-publish","4":"format-standard","5":"has-post-thumbnail","7":"category-actualitat","8":"category-esports"},"_links":{"self":[{"href":"https:\/\/areabadalona.com\/diario\/wp-json\/wp\/v2\/posts\/5718","targetHints":{"allow":["GET"]}}],"collection":[{"href":"https:\/\/areabadalona.com\/diario\/wp-json\/wp\/v2\/posts"}],"about":[{"href":"https:\/\/areabadalona.com\/diario\/wp-json\/wp\/v2\/types\/post"}],"author":[{"embeddable":true,"href":"https:\/\/areabadalona.com\/diario\/wp-json\/wp\/v2\/users\/2"}],"replies":[{"embeddable":true,"href":"https:\/\/areabadalona.com\/diario\/wp-json\/wp\/v2\/comments?post=5718"}],"version-history":[{"count":1,"href":"https:\/\/areabadalona.com\/diario\/wp-json\/wp\/v2\/posts\/5718\/revisions"}],"predecessor-version":[{"id":5720,"href":"https:\/\/areabadalona.com\/diario\/wp-json\/wp\/v2\/posts\/5718\/revisions\/5720"}],"wp:featuredmedia":[{"embeddable":true,"href":"https:\/\/areabadalona.com\/diario\/wp-json\/wp\/v2\/media\/5719"}],"wp:attachment":[{"href":"https:\/\/areabadalona.com\/diario\/wp-json\/wp\/v2\/media?parent=5718"}],"wp:term":[{"taxonomy":"category","embeddable":true,"href":"https:\/\/areabadalona.com\/diario\/wp-json\/wp\/v2\/categories?post=5718"},{"taxonomy":"post_tag","embeddable":true,"href":"https:\/\/areabadalona.com\/diario\/wp-json\/wp\/v2\/tags?post=5718"}],"curies":[{"name":"wp","href":"https:\/\/api.w.org\/{rel}","templated":true}]}}