{"id":5712,"date":"2023-09-18T08:37:50","date_gmt":"2023-09-18T08:37:50","guid":{"rendered":"https:\/\/areabadalona.com\/diario\/?p=5712"},"modified":"2023-09-20T08:38:41","modified_gmt":"2023-09-20T08:38:41","slug":"badalona-es-lunica-ciutat-catalana-que-acull-la-campanya-decovidrio-i-disneyland-paris-reciclar-vidre-es-magic","status":"publish","type":"post","link":"https:\/\/areabadalona.com\/diario\/2023\/09\/18\/badalona-es-lunica-ciutat-catalana-que-acull-la-campanya-decovidrio-i-disneyland-paris-reciclar-vidre-es-magic\/","title":{"rendered":"Badalona \u00e9s l\u2019\u00fanica ciutat catalana que acull la campanya d\u2019Ecovidrio i Disneyland Paris \u201cReciclar vidre \u00e9s m\u00e0gic\u201d \u00a0"},"content":{"rendered":"\n<p>Badalona acull des d\u2019aquest dilluns 18 de setembre la nova campanya d\u2019Ecovidrio i Disneyland Par\u00eds per potenciar la conscienciaci\u00f3 a les fam\u00edlies sobre la import\u00e0ncia del reciclatge del vidre. Amb el lema \u201cReciclar vidre \u00e9s m\u00e0gic\u201d, la iniciativa consisteix en la instal\u00b7laci\u00f3 de tres contenidors que representen alguns dels personatges de Disney amb l\u2019objectiu d\u2019atraure els m\u00e9s petits i fer-los part\u00edcips de la necessitat d\u2019una gesti\u00f3 de residus adequada. &nbsp;<\/p>\n\n\n\n<p>Badalona \u00e9s l\u2019\u00fanica ciutat de Catalunya que ha estat escollida enguany per fer aquesta campanya amb aquests divertits contenidors. Concretament, a la ciutat es podran trobar els personatges de Buzz Lightyear, Capit\u00e0 Am\u00e8rica i Mal\u00e8fica. Els 3 igl\u00fas de Disneyland Par\u00eds que s&#8217;instal\u00b7laran al municipi estaran situats fins al 20 d&#8217;octubre a la pla\u00e7a de la Plana; a l\u2019avinguda del Marqu\u00e8s de Sant Mori amb avinguda del Doctor Bassols i a la rambla de Sant Joan. En total, a tot l\u2019Estat s&#8217;instal\u00b7laran 112 contenidors repartits en 35 ciutats.&nbsp;<\/p>\n\n\n\n<p>A m\u00e9s, ser respectuosos amb el planeta tindr\u00e0 premi. Coincidint amb el 30\u00e8 Aniversari de Disneyland Paris, el centenari de Disney i el 25\u00e8 Aniversari d&#8217;Ecovidrio un afortunat podr\u00e0 viatjar fins a Disneyland Par\u00eds i 200 persones podran aconseguir un dels minigl\u00fas protagonitzats per aquests entranyables personatges. Per participar s\u2019ha d&#8217;accedir a trav\u00e9s dels codis BIDI impresos als igl\u00fas d&#8217;Ecovidrio i contestar un q\u00fcestionari senzill a trav\u00e9s de la p\u00e0gina web <a href=\"https:\/\/www.reciclavidrioenfamilia.es\/\">https:\/\/www.reciclavidrioenfamilia.es\/<\/a>.&nbsp;<\/p>\n\n\n\n<p>La campanya \u201cReciclar vidre \u00e9s m\u00e0gic\u201d s\u2019ha presentat aquest mat\u00ed&nbsp; a la pla\u00e7a de la Plana en un acte que ha comptat amb la pres\u00e8ncia de l\u2019alcalde de Badalona, Xavier Garcia Albiol, i el tercer tinent d\u2019alcaldia i regidor de l\u2019\u00c0mbit de Territori i Sostenibilitat, Daniel Gracia, juntament amb el gerent d\u2019Ecovidrio, Iv\u00e1n Costa. L\u2019alcalde de Badalona s\u2019ha mostrat orgull\u00f3s de ser l\u2019\u00fanica poblaci\u00f3 catalana que participa en aquesta campanya i ha destacat que \u201cestem fermament compromesos en la millora del reciclatge a la nostra ciutat, i per aix\u00f2 busquem col\u00b7laborar en aquesta mena de campanyes que permeten sensibilitzar els m\u00e9s petits i garantir que les noves generacions prioritzin la bona gesti\u00f3 dels residus\u201d. Garcia Albiol ha indicat que \u201cla millora de la neteja i la dignificaci\u00f3 de tots els carrers de la ciutat \u00e9s una prioritat i des del Govern treballem per fer-ho possible; per\u00f2 a la vegada tamb\u00e9 volem impulsar aquesta mena de campanyes per remarcar la import\u00e0ncia de la col\u00b7laboraci\u00f3 ciutadana\u201d.&nbsp; &nbsp;<\/p>\n\n\n\n<p><strong>Minigl\u00fas a benefici de la Fundaci\u00f3 Tambi\u00e9n&nbsp;<\/strong><\/p>\n\n\n\n<p>Els minigl\u00fas inspirats en alguns dels personatges de Disneyland Paris es podran adquirir tamb\u00e9 a trav\u00e9s de la p\u00e0gina web <a href=\"http:\/\/www.miniglu.es\">www.miniglu.es<\/a>. Tots els beneficis aniran destinats a la Fundaci\u00f3n Tambi\u00e9n una entitat sense \u00e0nim de lucre que treballa des del 2001 per la inclusi\u00f3 social de les persones amb discapacitat i el foment de valors educatius en activitats esportives adaptades, de lleure i temps lliure.&nbsp;<\/p>\n","protected":false},"excerpt":{"rendered":"<p>Badalona acull des d\u2019aquest dilluns 18 de setembre la nova campanya d\u2019Ecovidrio i Disneyland Par\u00eds per potenciar la conscienciaci\u00f3 a les fam\u00edlies sobre la import\u00e0ncia del reciclatge del vidre. Amb el lema \u201cReciclar vidre \u00e9s m\u00e0gic\u201d, la iniciativa consisteix en la instal\u00b7laci\u00f3 de tres contenidors que representen alguns dels personatges de Disney amb l\u2019objectiu d\u2019atraure [&hellip;]<\/p>\n","protected":false},"author":2,"featured_media":5713,"comment_status":"open","ping_status":"open","sticky":false,"template":"","format":"standard","meta":{"footnotes":""},"categories":[23,24],"tags":[],"class_list":{"0":"post-5712","1":"post","2":"type-post","3":"status-publish","4":"format-standard","5":"has-post-thumbnail","7":"category-actualitat","8":"category-societat"},"_links":{"self":[{"href":"https:\/\/areabadalona.com\/diario\/wp-json\/wp\/v2\/posts\/5712","targetHints":{"allow":["GET"]}}],"collection":[{"href":"https:\/\/areabadalona.com\/diario\/wp-json\/wp\/v2\/posts"}],"about":[{"href":"https:\/\/areabadalona.com\/diario\/wp-json\/wp\/v2\/types\/post"}],"author":[{"embeddable":true,"href":"https:\/\/areabadalona.com\/diario\/wp-json\/wp\/v2\/users\/2"}],"replies":[{"embeddable":true,"href":"https:\/\/areabadalona.com\/diario\/wp-json\/wp\/v2\/comments?post=5712"}],"version-history":[{"count":1,"href":"https:\/\/areabadalona.com\/diario\/wp-json\/wp\/v2\/posts\/5712\/revisions"}],"predecessor-version":[{"id":5714,"href":"https:\/\/areabadalona.com\/diario\/wp-json\/wp\/v2\/posts\/5712\/revisions\/5714"}],"wp:featuredmedia":[{"embeddable":true,"href":"https:\/\/areabadalona.com\/diario\/wp-json\/wp\/v2\/media\/5713"}],"wp:attachment":[{"href":"https:\/\/areabadalona.com\/diario\/wp-json\/wp\/v2\/media?parent=5712"}],"wp:term":[{"taxonomy":"category","embeddable":true,"href":"https:\/\/areabadalona.com\/diario\/wp-json\/wp\/v2\/categories?post=5712"},{"taxonomy":"post_tag","embeddable":true,"href":"https:\/\/areabadalona.com\/diario\/wp-json\/wp\/v2\/tags?post=5712"}],"curies":[{"name":"wp","href":"https:\/\/api.w.org\/{rel}","templated":true}]}}