{"id":5709,"date":"2023-09-18T08:35:47","date_gmt":"2023-09-18T08:35:47","guid":{"rendered":"https:\/\/areabadalona.com\/diario\/?p=5709"},"modified":"2023-09-20T08:36:48","modified_gmt":"2023-09-20T08:36:48","slug":"badalona-aprova-24-milions-deuros-per-a-la-substitucio-i-la-reforma-dels-equips-de-climatitzacio-de-diferents-edificis-administratius-culturals-esportius-i-escolars","status":"publish","type":"post","link":"https:\/\/areabadalona.com\/diario\/2023\/09\/18\/badalona-aprova-24-milions-deuros-per-a-la-substitucio-i-la-reforma-dels-equips-de-climatitzacio-de-diferents-edificis-administratius-culturals-esportius-i-escolars\/","title":{"rendered":"Badalona aprova 2,4 milions d\u2019euros per a la substituci\u00f3 i la reforma dels equips de climatitzaci\u00f3 de diferents edificis administratius, culturals, esportius i escolars\u00a0"},"content":{"rendered":"\n<p>El Ple extraordinari de l\u2019Ajuntament de Badalona d\u2019aquest dilluns 18 de setembre ha aprovat la modificaci\u00f3 del pressupost municipal i del seu annex d\u2019inversions per tal de destinar 2,38 milions d\u2019euros per a la substituci\u00f3 i la reforma d\u2019equips de climatitzaci\u00f3 situats a diferents edificis administratius, culturals, esportius i escolars de la ciutat.&nbsp;<\/p>\n\n\n\n<p>L\u2019Ajuntament de Badalona ha portat a terme una diagnosi de l\u2019estat de 83 edificis municipals, com ara escoles, equipaments esportius, centres de serveis municipals i culturals, per tal de con\u00e8ixer l\u2019estat actual de les instal\u00b7lacions de climatitzaci\u00f3. A partir d\u2019aquestes dades s\u2019han valorat les inversions per a la posada en marxa o la reparaci\u00f3 dels equips, aix\u00ed com per assegurar el manteniment necessari i garantir un bon funcionament de la maquin\u00e0ria al llarg del temps.&nbsp;<\/p>\n\n\n\n<p>El dictamen ha estat aprovat per unanimitat. &nbsp;<\/p>\n\n\n\n<p><strong>Actuacions concretes &nbsp;<\/strong><\/p>\n\n\n\n<p>Edificis administratius: &nbsp;<\/p>\n\n\n\n<p>&#8211; Substituci\u00f3 dels equips de climatitzaci\u00f3 de l\u2019edifici anomenat Banc Central:&nbsp;<\/p>\n\n\n\n<p>&#8211; Substituci\u00f3 dels equips de climatitzaci\u00f3 de la Casa de la Vila&nbsp;<\/p>\n\n\n\n<p>&#8211; Substituci\u00f3 dels equips de climatitzaci\u00f3 de l\u2019edifici El Viver&nbsp;<\/p>\n\n\n\n<p>&#8211; Substituci\u00f3 dels equips de climatitzaci\u00f3 i renovaci\u00f3 de la instal\u00b7laci\u00f3 de baixa tensi\u00f3 dels edificis de la Gu\u00e0rdia Urbana &nbsp;<\/p>\n\n\n\n<p>La previsi\u00f3 de despesa a suplementar a la partida existent actualment, per a redactar els projectes i executar les obres, aix\u00ed com la direcci\u00f3 d\u2019aquestes \u00e9s de <strong>800.000 \u20ac.<\/strong>&nbsp;<\/p>\n\n\n\n<p>Edificis Culturals: &nbsp;<\/p>\n\n\n\n<p><strong>Biblioteques&nbsp;<\/strong><\/p>\n\n\n\n<p>&nbsp;&#8211; Reparaci\u00f3 de la coberta de zinc de la biblioteca Can Casacuberta i Espai Bet\u00falia. Es necessita dotar la partida de 100.000 \u20ac per atendre la modificaci\u00f3 del projecte aprovat, a causa que un cop iniciada l\u2019obra han aparegut vicis ocults sota la coberta existent que cal incorporar al projecte per tal de poder resoldre les filtracions actuals.&nbsp;<\/p>\n\n\n\n<p>&#8211; Adequaci\u00f3 a la normativa de baixa tensi\u00f3 de les biblioteques de la ciutat (excepte Can Casacuberta) &nbsp;<\/p>\n\n\n\n<p>&#8211; Substituci\u00f3 de fancoils a la biblioteca de Can Casacuberta. &nbsp;<\/p>\n\n\n\n<p>La previsi\u00f3 de despesa a suplementar a la partida existent actualment per a executar les obres, aix\u00ed com la direcci\u00f3 d\u2019aquestes \u00e9s de <strong>200.000 \u20ac.<\/strong> &nbsp;<\/p>\n\n\n\n<p><strong>Escoles:&nbsp;<\/strong><\/p>\n\n\n\n<p>&#8211; Execuci\u00f3 de les obres de millora de les instal\u00b7lacions de distribuci\u00f3 d\u2019aigua per consum hum\u00e0 i sistemes de climatitzaci\u00f3 de l\u2019Escola Gitanjali. Projecte aprovat pendent de disposar de cr\u00e8dit per a poder licitar-lo. Actualment l\u2019escola no disposa d\u2019aigua freda i calenta sanit\u00e0ria en l\u2019edifici; nom\u00e9s uns punts de subministrament m\u00ednims i provisionals amb una canalitzaci\u00f3 executada directament des d\u2019un altre edifici, per atendre les necessitats b\u00e0siques d\u2019higiene del alumnes i professors, at\u00e8s que la instal\u00b7laci\u00f3 existent est\u00e0 tancada per legionel\u00b7la i s\u2019ha de renovar tota la instal\u00b7laci\u00f3 de l\u2019edifici. &nbsp;<\/p>\n\n\n\n<p>La previsi\u00f3 de despesa a suplementar a la partida existent actualment per a executar les obres \u00e9s de <strong>280.000 \u20ac<\/strong>. &nbsp;<\/p>\n\n\n\n<p>Instal\u00b7lacions esportives:&nbsp;<\/p>\n\n\n\n<p>&#8211; Execuci\u00f3 de les obres d\u2019adequaci\u00f3 de les instal\u00b7lacions t\u00e8cniques de la piscina municipal i direcci\u00f3 t\u00e8cnica d\u2019aquestes. S\u2019ha redactat el projecte executiu, actualment en fase de revisi\u00f3 per tal de portar-lo a aprovaci\u00f3 municipal i posteriorment licitar les obres. &nbsp;<\/p>\n\n\n\n<p>La previsi\u00f3 de despesa a suplementar a la partida existent actualment per a executar les obres i la direcci\u00f3 t\u00e8cnica d\u2019aquestes \u00e9s de <strong>1.100.000 \u20ac.<\/strong>&nbsp;<\/p>\n\n\n\n<p><strong>Total&nbsp; 2.380.000 \u20ac&nbsp;<\/strong><\/p>\n\n\n\n<p>A m\u00e9s de la inversi\u00f3 aprovada en la sessi\u00f3 plen\u00e0ria extraordin\u00e0ria d\u2019aquest dilluns, l\u2019Ajuntament de Badalona ja disposa d\u2019una partida de 700.000 euros per a edificis administratius que el Govern municipal destinar\u00e0 a projectes i obres de climatitzaci\u00f3 de les oficines de districte i altres instal\u00b7lacions municipals. D\u2019aquesta manera, la inversi\u00f3 en la millora i renovaci\u00f3 de la climatitzaci\u00f3 dels edificis municipals \u00e9s de <strong>3.080.000 \u20ac.&nbsp;<\/strong><\/p>\n\n\n\n<p>Durant la sessi\u00f3 plen\u00e0ria, l\u2019alcalde de Badalona, Xavier Garcia Albiol, ha remarcat que \u201cel nostre Govern va trobar l\u2019Ajuntament en una situaci\u00f3 l\u00edmit, per aix\u00f2 per a nosaltres \u00e9s imprescindible tirar endavant propostes com la d\u2019avui, que ens permet donar resposta la situaci\u00f3 cr\u00edtica que han de suportar ciutadans i treballadors en alguns dels edificis municipals\u201d&nbsp;<\/p>\n","protected":false},"excerpt":{"rendered":"<p>El Ple extraordinari de l\u2019Ajuntament de Badalona d\u2019aquest dilluns 18 de setembre ha aprovat la modificaci\u00f3 del pressupost municipal i del seu annex d\u2019inversions per tal de destinar 2,38 milions d\u2019euros per a la substituci\u00f3 i la reforma d\u2019equips de climatitzaci\u00f3 situats a diferents edificis administratius, culturals, esportius i escolars de la ciutat.&nbsp; L\u2019Ajuntament de [&hellip;]<\/p>\n","protected":false},"author":2,"featured_media":5710,"comment_status":"open","ping_status":"open","sticky":false,"template":"","format":"standard","meta":{"footnotes":""},"categories":[23],"tags":[],"class_list":{"0":"post-5709","1":"post","2":"type-post","3":"status-publish","4":"format-standard","5":"has-post-thumbnail","7":"category-actualitat"},"_links":{"self":[{"href":"https:\/\/areabadalona.com\/diario\/wp-json\/wp\/v2\/posts\/5709","targetHints":{"allow":["GET"]}}],"collection":[{"href":"https:\/\/areabadalona.com\/diario\/wp-json\/wp\/v2\/posts"}],"about":[{"href":"https:\/\/areabadalona.com\/diario\/wp-json\/wp\/v2\/types\/post"}],"author":[{"embeddable":true,"href":"https:\/\/areabadalona.com\/diario\/wp-json\/wp\/v2\/users\/2"}],"replies":[{"embeddable":true,"href":"https:\/\/areabadalona.com\/diario\/wp-json\/wp\/v2\/comments?post=5709"}],"version-history":[{"count":1,"href":"https:\/\/areabadalona.com\/diario\/wp-json\/wp\/v2\/posts\/5709\/revisions"}],"predecessor-version":[{"id":5711,"href":"https:\/\/areabadalona.com\/diario\/wp-json\/wp\/v2\/posts\/5709\/revisions\/5711"}],"wp:featuredmedia":[{"embeddable":true,"href":"https:\/\/areabadalona.com\/diario\/wp-json\/wp\/v2\/media\/5710"}],"wp:attachment":[{"href":"https:\/\/areabadalona.com\/diario\/wp-json\/wp\/v2\/media?parent=5709"}],"wp:term":[{"taxonomy":"category","embeddable":true,"href":"https:\/\/areabadalona.com\/diario\/wp-json\/wp\/v2\/categories?post=5709"},{"taxonomy":"post_tag","embeddable":true,"href":"https:\/\/areabadalona.com\/diario\/wp-json\/wp\/v2\/tags?post=5709"}],"curies":[{"name":"wp","href":"https:\/\/api.w.org\/{rel}","templated":true}]}}