{"id":5706,"date":"2023-09-19T08:31:15","date_gmt":"2023-09-19T08:31:15","guid":{"rendered":"https:\/\/areabadalona.com\/diario\/?p=5706"},"modified":"2023-09-20T08:32:01","modified_gmt":"2023-09-20T08:32:01","slug":"lalcalde-de-badalona-participa-en-el-iii-encuentro-de-lideres-urbanos-que-se-celebra-a-malaga-en-el-marc-de-ledicio-2023-de-greencities-y-s-moving","status":"publish","type":"post","link":"https:\/\/areabadalona.com\/diario\/2023\/09\/19\/lalcalde-de-badalona-participa-en-el-iii-encuentro-de-lideres-urbanos-que-se-celebra-a-malaga-en-el-marc-de-ledicio-2023-de-greencities-y-s-moving\/","title":{"rendered":"L\u2019alcalde de Badalona participa en el III Encuentro de L\u00edderes Urbanos que se celebra a M\u00e0laga en el marc de l\u2019edici\u00f3 2023 de Greencities y S-Moving\u00a0"},"content":{"rendered":"\n<p>L\u2019alcalde de Badalona, Xavier Garcia Albiol, participa aquesta setmana en el III Encuentro de L\u00edderes Urbanos que se celebra a M\u00e0laga en el marc de l\u2019edici\u00f3 2023 de Greencities y S-Moving. La trobada de l\u00edders urbans compta amb la participaci\u00f3 de m\u00e9s d\u2019una trentena d\u2019alcaldes i tinents d\u2019alcaldes de municipis de l\u2019Estat amb l\u2019objectiu d\u2019analitzar la cohesi\u00f3 dels ecosistemes d\u2019innovaci\u00f3 a trav\u00e9s de la multigovernan\u00e7a. Els representants dels municipis participants compartiran les seves iniciatives i projectes en l\u2019\u00e0mbit de la gesti\u00f3 urbana i la mobilitat sostenible, intel\u00b7ligent i connectada.&nbsp;<\/p>\n\n\n\n<p>En el cas de Badalona, la intervenci\u00f3 de l\u2019alcalde d\u2019aquesta ciutat, el dimecres 20 de setembre, tractar\u00e0 sobre la participaci\u00f3 d\u2019aquest ajuntament en el projecte LIFE BAETULO, cofinan\u00e7at per la Uni\u00f3 Europea, amb l\u2019objectiu d\u2019implementar una eina innovadora que contribueixi a adaptar la ciutat als perills derivats del canvi clim\u00e0tic. Es tracta d\u2019un sistema d\u2019alerta integral que engloba avisos i protocols d\u2019emerg\u00e8ncia automatitzats pels riscos clim\u00e0tics que poden afectar aquest municipi: inundacions pluvials, desc\u00e0rregues del sistema de sanejament, ventades, temporals mar\u00edtims, onades de calor, onades de fred, nevades-gelades, incendis forestals i episodis de contaminaci\u00f3 atmosf\u00e8rica.&nbsp;<\/p>\n\n\n\n<p><strong>Funcionalitats de la plataforma LIFE BAETULO&nbsp;<\/strong><\/p>\n\n\n\n<p>La plataforma LIFE BAETULO permet als gestors locals del risc emprendre accions preventives o reactives per minimitzar els impactes i danys derivats d\u2019episodis de clima extrem. Prediu de forma anticipada els episodis meteorol\u00f2gics rellevants que poden causar impactes al municipi i als seus habitants; informa en temps real de l\u2019evoluci\u00f3 d\u2019aquests episodis mitjan\u00e7ant sensors; fa una estimaci\u00f3 dels impactes i identifica els elements vulnerables i els punts cr\u00edtics. El sistema automatitza els protocols d\u2019emerg\u00e8ncia de forma que s\u2019emeten els avisos de prealerta, alerta i emerg\u00e8ncia que corresponguin i s\u2019activen els protocols necessaris abans, durant i despr\u00e9s de l\u2019episodi perqu\u00e8 els gestors locals del risc portin a terme les accions preventives i reactives en funci\u00f3 del risc clim\u00e0tic i del nivell d\u2019alerta.&nbsp;<\/p>\n\n\n\n<p><strong>App Alerta BAETULO&nbsp;<\/strong><\/p>\n\n\n\n<p>A m\u00e9s de la plataforma del sistema d\u2019alerta, tamb\u00e9 s\u2019ha desenvolupat la nova App Alerta clim\u00e0tica BAETULO per tal que la ciutadania pugui estar informada dels possibles perills clim\u00e0tics en temps real i protegir-se. L\u2019objectiu \u00e9s fomentar la percepci\u00f3 del risc clim\u00e0tic local i les accions d\u2019autoprotecci\u00f3 per minimitzar els efectes sobre la salut de les persones i els danys materials sobre les seves propietats.&nbsp;<\/p>\n","protected":false},"excerpt":{"rendered":"<p>L\u2019alcalde de Badalona, Xavier Garcia Albiol, participa aquesta setmana en el III Encuentro de L\u00edderes Urbanos que se celebra a M\u00e0laga en el marc de l\u2019edici\u00f3 2023 de Greencities y S-Moving. La trobada de l\u00edders urbans compta amb la participaci\u00f3 de m\u00e9s d\u2019una trentena d\u2019alcaldes i tinents d\u2019alcaldes de municipis de l\u2019Estat amb l\u2019objectiu d\u2019analitzar [&hellip;]<\/p>\n","protected":false},"author":2,"featured_media":5707,"comment_status":"open","ping_status":"open","sticky":false,"template":"","format":"standard","meta":{"footnotes":""},"categories":[23,24],"tags":[],"class_list":{"0":"post-5706","1":"post","2":"type-post","3":"status-publish","4":"format-standard","5":"has-post-thumbnail","7":"category-actualitat","8":"category-societat"},"_links":{"self":[{"href":"https:\/\/areabadalona.com\/diario\/wp-json\/wp\/v2\/posts\/5706","targetHints":{"allow":["GET"]}}],"collection":[{"href":"https:\/\/areabadalona.com\/diario\/wp-json\/wp\/v2\/posts"}],"about":[{"href":"https:\/\/areabadalona.com\/diario\/wp-json\/wp\/v2\/types\/post"}],"author":[{"embeddable":true,"href":"https:\/\/areabadalona.com\/diario\/wp-json\/wp\/v2\/users\/2"}],"replies":[{"embeddable":true,"href":"https:\/\/areabadalona.com\/diario\/wp-json\/wp\/v2\/comments?post=5706"}],"version-history":[{"count":1,"href":"https:\/\/areabadalona.com\/diario\/wp-json\/wp\/v2\/posts\/5706\/revisions"}],"predecessor-version":[{"id":5708,"href":"https:\/\/areabadalona.com\/diario\/wp-json\/wp\/v2\/posts\/5706\/revisions\/5708"}],"wp:featuredmedia":[{"embeddable":true,"href":"https:\/\/areabadalona.com\/diario\/wp-json\/wp\/v2\/media\/5707"}],"wp:attachment":[{"href":"https:\/\/areabadalona.com\/diario\/wp-json\/wp\/v2\/media?parent=5706"}],"wp:term":[{"taxonomy":"category","embeddable":true,"href":"https:\/\/areabadalona.com\/diario\/wp-json\/wp\/v2\/categories?post=5706"},{"taxonomy":"post_tag","embeddable":true,"href":"https:\/\/areabadalona.com\/diario\/wp-json\/wp\/v2\/tags?post=5706"}],"curies":[{"name":"wp","href":"https:\/\/api.w.org\/{rel}","templated":true}]}}