{"id":5700,"date":"2023-09-19T08:26:43","date_gmt":"2023-09-19T08:26:43","guid":{"rendered":"https:\/\/areabadalona.com\/diario\/?p=5700"},"modified":"2023-09-20T08:27:28","modified_gmt":"2023-09-20T08:27:28","slug":"badalona-safegeix-aquest-dijous-a-la-commemoracio-del-dia-mundial-de-lalzheimer","status":"publish","type":"post","link":"https:\/\/areabadalona.com\/diario\/2023\/09\/19\/badalona-safegeix-aquest-dijous-a-la-commemoracio-del-dia-mundial-de-lalzheimer\/","title":{"rendered":"Badalona s\u2019afegeix aquest dijous a la commemoraci\u00f3 del Dia Mundial de l\u2019Alzheimer\u00a0"},"content":{"rendered":"\n<p>Aquest dijous, 21 de setembre, es commemora el Dia Mundial de l\u2019Alzheimer, data institu\u00efda per l\u2019Organitzaci\u00f3 Mundial de la Salut (OMS) i <em>l\u2019Alzheimer\u2019s Disease International <\/em>(ADI) amb l\u2019objectiu de donar a con\u00e8ixer la malaltia i les seves conseq\u00fc\u00e8ncies sociosanit\u00e0ries i demanar el suport i la solidaritat de la poblaci\u00f3, les institucions i els organismes oficials.&nbsp;<\/p>\n\n\n\n<p>La malaltia d\u2019Alzheimer produeix una disminuci\u00f3 de les funcions intel\u00b7lectuals, dificulta l\u2019aprenentatge de nous conceptes, interfereix en la capacitat de la persona per realitzar la seva vida di\u00e0ria i produeix canvis en la seva personalitat i conducta.&nbsp;<\/p>\n\n\n\n<p>Les principals associacions que treballen a Badalona en el suport a les fam\u00edlies i els malalts d\u2019Alzheimer instal\u00b7laran carpes informatives a diversos punts de la ciutat. En les diferents carpes s\u2019informar\u00e0, a tothom qui ho desitgi, dels serveis i dels programes que s\u2019ofereixen a totes les persones que pateixen la malaltia, als seus familiars i als seus cuidadors. &nbsp;<\/p>\n\n\n\n<p>Les carpes estaran ubicades en els seg\u00fcents punts de la ciutat.&nbsp;<\/p>\n\n\n\n<p>\u00b7 Carpa de la Fundaci\u00f3 Catalunya La Pedrera: de 10 a 13 hores, a la pla\u00e7a de la Vila.&nbsp;<\/p>\n\n\n\n<p>\u00b7 Carpa de la Fundaci\u00f3 Catalunya La Pedrera: de 10 a 13 hores, a l\u2019avinguda de Sant Salvador, 29, al barri de Llefi\u00e0.&nbsp;<\/p>\n\n\n\n<p>\u00b7 Carpa de l\u2019Associaci\u00f3 de Familiars de Persones amb Alzheimer de Badalona: durant tot el dia a la pla\u00e7a de la Vila.&nbsp;<\/p>\n\n\n\n<p>A les carpes, tamb\u00e9 s\u2019informar\u00e0 de les activitats organitzades pel Grup la Teranyina previstes per al pr\u00f2xim dia 27 de setembre, a partir de les 16 hores a la Fundaci\u00f3 Catalunya La Pedrera de la pla\u00e7a de la Vila, 3, i de l\u2019avinguda de Sant Salvador, 29, amb l\u2019objectiu treballar per a la millora de la qualitat cognitiva de les persones.&nbsp;<\/p>\n\n\n\n<p>A m\u00e9s, la Fundaci\u00f3 Catalunya La Pedrera far\u00e0 difusi\u00f3 del \u201cDec\u00e0leg de bones pr\u00e0ctiques\u201d, en el qual es fa refer\u00e8ncia a com s\u2019ha de tractar correctament a les persones amb d\u00e8ficits de mem\u00f2ria.&nbsp;<\/p>\n\n\n\n<p>La 4a tinenta d\u2019alcaldia i regidora de l\u2019\u00c0mbit de Comunicaci\u00f3, Fons Europeus i Protecci\u00f3 a les Persones, Rosa del Amo, ha remarcat que \u201cl\u2019Alzheimer \u00e9s una malaltia molt dif\u00edcil d\u2019afrontar, qui pateix les seves conseq\u00fc\u00e8ncies, a m\u00e9s del pacient, som els familiars i especialment les persones que tenim cura d\u2019aquestes persones. Aquesta malaltia canvia la vida del pacient, per\u00f2 tamb\u00e9 la vida de les persones del seu entorn. Per aix\u00f2 -ha afegit la regidora- ens cal el m\u00e0xim suport i acompanyament de les associacions, que fan una feina molt valuosa, el suport de la feina dels professionals de la salut, i la solidaritat de la resta de la societat\u201d.&nbsp;<\/p>\n","protected":false},"excerpt":{"rendered":"<p>Aquest dijous, 21 de setembre, es commemora el Dia Mundial de l\u2019Alzheimer, data institu\u00efda per l\u2019Organitzaci\u00f3 Mundial de la Salut (OMS) i l\u2019Alzheimer\u2019s Disease International (ADI) amb l\u2019objectiu de donar a con\u00e8ixer la malaltia i les seves conseq\u00fc\u00e8ncies sociosanit\u00e0ries i demanar el suport i la solidaritat de la poblaci\u00f3, les institucions i els organismes oficials.&nbsp; [&hellip;]<\/p>\n","protected":false},"author":2,"featured_media":5701,"comment_status":"open","ping_status":"open","sticky":false,"template":"","format":"standard","meta":{"footnotes":""},"categories":[23,24],"tags":[],"class_list":{"0":"post-5700","1":"post","2":"type-post","3":"status-publish","4":"format-standard","5":"has-post-thumbnail","7":"category-actualitat","8":"category-societat"},"_links":{"self":[{"href":"https:\/\/areabadalona.com\/diario\/wp-json\/wp\/v2\/posts\/5700","targetHints":{"allow":["GET"]}}],"collection":[{"href":"https:\/\/areabadalona.com\/diario\/wp-json\/wp\/v2\/posts"}],"about":[{"href":"https:\/\/areabadalona.com\/diario\/wp-json\/wp\/v2\/types\/post"}],"author":[{"embeddable":true,"href":"https:\/\/areabadalona.com\/diario\/wp-json\/wp\/v2\/users\/2"}],"replies":[{"embeddable":true,"href":"https:\/\/areabadalona.com\/diario\/wp-json\/wp\/v2\/comments?post=5700"}],"version-history":[{"count":1,"href":"https:\/\/areabadalona.com\/diario\/wp-json\/wp\/v2\/posts\/5700\/revisions"}],"predecessor-version":[{"id":5702,"href":"https:\/\/areabadalona.com\/diario\/wp-json\/wp\/v2\/posts\/5700\/revisions\/5702"}],"wp:featuredmedia":[{"embeddable":true,"href":"https:\/\/areabadalona.com\/diario\/wp-json\/wp\/v2\/media\/5701"}],"wp:attachment":[{"href":"https:\/\/areabadalona.com\/diario\/wp-json\/wp\/v2\/media?parent=5700"}],"wp:term":[{"taxonomy":"category","embeddable":true,"href":"https:\/\/areabadalona.com\/diario\/wp-json\/wp\/v2\/categories?post=5700"},{"taxonomy":"post_tag","embeddable":true,"href":"https:\/\/areabadalona.com\/diario\/wp-json\/wp\/v2\/tags?post=5700"}],"curies":[{"name":"wp","href":"https:\/\/api.w.org\/{rel}","templated":true}]}}