{"id":5691,"date":"2023-09-20T08:20:18","date_gmt":"2023-09-20T08:20:18","guid":{"rendered":"https:\/\/areabadalona.com\/diario\/?p=5691"},"modified":"2023-09-20T08:20:19","modified_gmt":"2023-09-20T08:20:19","slug":"aquest-dijous-sinaugura-el-curs-escolar-2023-2024-a-badalona","status":"publish","type":"post","link":"https:\/\/areabadalona.com\/diario\/2023\/09\/20\/aquest-dijous-sinaugura-el-curs-escolar-2023-2024-a-badalona\/","title":{"rendered":"Aquest dijous s\u2019inaugura el curs escolar 2023-2024 a Badalona\u00a0"},"content":{"rendered":"\n<p>El <strong>Museu de Badalona<\/strong> (pla\u00e7a de l\u2019Assemblea de Catalunya, 1) acull aquest <strong>dijous, 21 de setembre, 17.30 a 19 hores<\/strong>, l\u2019acte d\u2019inauguraci\u00f3 del curs escolar 2023-24 que reunir\u00e0 al professorat i als equips directius dels centres educatius de la ciutat, des de bressol fins a la universitat, i a tota la comunitat educativa. De 17 a 19.15 hores tamb\u00e9 es podr\u00e0 veure una mostra de serveis, projectes i materials did\u00e0ctics en el mateix Museu.&nbsp;<\/p>\n\n\n\n<p>L\u2019acte, coorganitzat pel Centre de Recursos Pedag\u00f2gics de la Generalitat de Catalunya i pel Servei d\u2019Educaci\u00f3 de l\u2019Ajuntament de Badalona, comptar\u00e0 amb la participaci\u00f3 de l\u2019alcalde de Badalona, Xavier Garcia Albiol, de la regidora d\u2019Educaci\u00f3 de l\u2019Ajuntament de Badalona, Vanesa Gonz\u00e1lez, i de la directora dels Serveis Territorials al Barcelon\u00e8s del Departament d&#8217;Educaci\u00f3 de la Generalitat de Catalunya, Silvia Ortiz.&nbsp;<\/p>\n\n\n\n<p>En el decurs de l\u2019acte es presentar\u00e0 el Pla de Formaci\u00f3 i la Guia d\u2019activitats educatives 2023-24, que inclou activitats adre\u00e7ades a l\u2019alumnat dels centres educatius de la ciutat promogudes des de diferents centres, serveis, entitats i xarxes. Finalment es far\u00e0 la confer\u00e8ncia \u00abEl tetraedre de l&#8217;aprenentatge amb sentit\u00bb, a c\u00e0rrec d\u2019Elisabet Aznar Vacas, directora del Centre de Recursos Espec\u00edfics de Suport a la Innovaci\u00f3 i a la Recerca Educativa (CESIRE).&nbsp;<\/p>\n","protected":false},"excerpt":{"rendered":"<p>El Museu de Badalona (pla\u00e7a de l\u2019Assemblea de Catalunya, 1) acull aquest dijous, 21 de setembre, 17.30 a 19 hores, l\u2019acte d\u2019inauguraci\u00f3 del curs escolar 2023-24 que reunir\u00e0 al professorat i als equips directius dels centres educatius de la ciutat, des de bressol fins a la universitat, i a tota la comunitat educativa. De 17 [&hellip;]<\/p>\n","protected":false},"author":2,"featured_media":5692,"comment_status":"open","ping_status":"open","sticky":false,"template":"","format":"standard","meta":{"footnotes":""},"categories":[23],"tags":[],"class_list":{"0":"post-5691","1":"post","2":"type-post","3":"status-publish","4":"format-standard","5":"has-post-thumbnail","7":"category-actualitat"},"_links":{"self":[{"href":"https:\/\/areabadalona.com\/diario\/wp-json\/wp\/v2\/posts\/5691","targetHints":{"allow":["GET"]}}],"collection":[{"href":"https:\/\/areabadalona.com\/diario\/wp-json\/wp\/v2\/posts"}],"about":[{"href":"https:\/\/areabadalona.com\/diario\/wp-json\/wp\/v2\/types\/post"}],"author":[{"embeddable":true,"href":"https:\/\/areabadalona.com\/diario\/wp-json\/wp\/v2\/users\/2"}],"replies":[{"embeddable":true,"href":"https:\/\/areabadalona.com\/diario\/wp-json\/wp\/v2\/comments?post=5691"}],"version-history":[{"count":1,"href":"https:\/\/areabadalona.com\/diario\/wp-json\/wp\/v2\/posts\/5691\/revisions"}],"predecessor-version":[{"id":5693,"href":"https:\/\/areabadalona.com\/diario\/wp-json\/wp\/v2\/posts\/5691\/revisions\/5693"}],"wp:featuredmedia":[{"embeddable":true,"href":"https:\/\/areabadalona.com\/diario\/wp-json\/wp\/v2\/media\/5692"}],"wp:attachment":[{"href":"https:\/\/areabadalona.com\/diario\/wp-json\/wp\/v2\/media?parent=5691"}],"wp:term":[{"taxonomy":"category","embeddable":true,"href":"https:\/\/areabadalona.com\/diario\/wp-json\/wp\/v2\/categories?post=5691"},{"taxonomy":"post_tag","embeddable":true,"href":"https:\/\/areabadalona.com\/diario\/wp-json\/wp\/v2\/tags?post=5691"}],"curies":[{"name":"wp","href":"https:\/\/api.w.org\/{rel}","templated":true}]}}