{"id":5688,"date":"2023-09-20T08:18:39","date_gmt":"2023-09-20T08:18:39","guid":{"rendered":"https:\/\/areabadalona.com\/diario\/?p=5688"},"modified":"2023-09-20T08:18:40","modified_gmt":"2023-09-20T08:18:40","slug":"obertes-les-inscripcions-per-participar-als-clubs-de-lectura","status":"publish","type":"post","link":"https:\/\/areabadalona.com\/diario\/2023\/09\/20\/obertes-les-inscripcions-per-participar-als-clubs-de-lectura\/","title":{"rendered":"Obertes les inscripcions per participar als clubs de lectura \u00a0"},"content":{"rendered":"\n<p>Aquest mes de setembre, amb l\u2019inici del curs escolar, s\u2019han tornat a obrir les inscripcions per als diferents clubs de lectura de la Xarxa Municipal de Biblioteques de Badalona que ofereixen diverses ofertes: literaris, en diferents idiomes, de lectura f\u00e0cil (En catal\u00e0 llegim i parlem), de nivell intermedi i les tert\u00falies virtuals de cinema.&nbsp;<\/p>\n\n\n\n<p>Els clubs de lectura s\u00f3n trobades on un grup de persones, guiades per un moderador\/a expert, comparteixen les experi\u00e8ncies i les opinions que els ha provocat la lectura d\u2019un mateix llibre, pr\u00e8viament seleccionat i proporcionat a cada un dels participants per part de la biblioteca. Aquesta activitat est\u00e0 pensada per a totes aquelles persones que els agradi llegir, descobrir nous autors i lectures, i establir debat al voltant de les diferents opinions i punts de vista. &nbsp;<\/p>\n\n\n\n<p>Per poder-hi participar cal inscripci\u00f3 pr\u00e8via ja que l\u2019aforament est\u00e0 limitat.&nbsp;<\/p>\n\n\n\n<p><strong>Clubs de lectura liter\u00e0ria&nbsp;<\/strong><\/p>\n\n\n\n<p>La primera sessi\u00f3 del Clubs de lectura liter\u00e0ria s\u2019iniciar\u00e0 el pr\u00f2xim mes d\u2019octubre. En cas de no poder fer-se aquesta activitat de forma presencial, es far\u00e0 de manera virtual. &nbsp;<\/p>\n\n\n\n<p>Horari de les diferents biblioteques per aquestes activitats:&nbsp;<\/p>\n\n\n\n<p>\u2022 Biblioteca Can Casacuberta&nbsp;<\/p>\n\n\n\n<p>Les activitats programades a la Biblioteca Central Urbana Can Casacuberta es realitzaran a l\u2019Espai Bet\u00falia Centre de la Paraula i les Lletres, ubicat al carrer d\u2019Enric Borr\u00e0s, 43-47, ja que la biblioteca est\u00e0 tancada per obres. Darrer dimecres de cada mes (mat\u00ed i tarda) i darrer dijous de cada mes (nom\u00e9s tarda). Els llibres es poden recollir a la Sala Josep Ucl\u00e9s del Centre Cultural El Carme (carrer de Francesc Layret, 78-82) de dilluns a divendres de 16.30 a 20 hores i els dissabtes d\u201911 a 13.30 hores.&nbsp;<\/p>\n\n\n\n<p>\u2022 Biblioteca de Canyad\u00f3 i Casagemes-Joan Argent\u00e9 i Biblioteca Llefi\u00e0-Xavier Soto&nbsp;<\/p>\n\n\n\n<p>Darrer dijous de cada mes.&nbsp;<\/p>\n\n\n\n<p>\u2022 Biblioteca Lloreda&nbsp;<\/p>\n\n\n\n<p>Tercer dijous de cada mes.&nbsp;<\/p>\n\n\n\n<p>\u2022 Biblioteca Pomar&nbsp;<\/p>\n\n\n\n<p>Darrer dimecres de cada mes.&nbsp;<\/p>\n\n\n\n<p>\u2022 Biblioteca Sant Roc&nbsp;<\/p>\n\n\n\n<p>Tercer dilluns de cada mes.&nbsp;<\/p>\n\n\n\n<p><strong>Clubs de lectura en altres idiomes&nbsp;<\/strong><\/p>\n\n\n\n<p><strong><em>English Book Club <\/em><\/strong><strong>a l\u2019Espai Bet\u00falia Centre de la Paraula i les Lletres <\/strong>Club adre\u00e7at a persones amb un nivell avan\u00e7at d&#8217;angl\u00e8s. Periodicitat mensual. Tercer dimecres de cada mes a l\u2019Espai Bet\u00falia. Els llibres es poden recollir a l\u2019Espai Bet\u00falia de dilluns a divendres de 10 a 20.30 hores.&nbsp;<\/p>\n\n\n\n<p><strong>Club de lectura en franc\u00e8s a l\u2019Espai Bet\u00falia Centre de la Paraula i les Lletres &nbsp;<\/strong><\/p>\n\n\n\n<p>Nou club de lectura en llengua francesa. Periodicitat mensual. Segon dimecres de cada mes. Els llibres es poden recollir a l\u2019Espai Bet\u00falia de dilluns a divendres de 10 a 20.30h.&nbsp;<\/p>\n\n\n\n<p><strong>Conversa en angl\u00e8s: nivell intermedi a la Biblioteca de Lloreda&nbsp;<\/strong><\/p>\n\n\n\n<p>Grup de conversa on es poden comentar i opinar sobre temes d\u2019actualitat.&nbsp;<\/p>\n\n\n\n<p>Tots els dimarts a les 18.30 h&nbsp;<\/p>\n\n\n\n<p><strong>En catal\u00e0, llegim i parlem&nbsp;<\/strong><\/p>\n\n\n\n<p>Grup que es reuneix quinzenalment a les biblioteques de Badalona. S&#8217;adre\u00e7a a tothom i en especial a les persones amb dificultats lectores transit\u00f2ries o permanents. Cal inscripci\u00f3 pr\u00e8via ja que les places s\u00f3n limitades.&nbsp;<\/p>\n\n\n\n<p>\u2022 Biblioteca Canyad\u00f3 i Casagemes-Joan Argent\u00e9&nbsp;<\/p>\n\n\n\n<p>Dilluns alterns, de 17 a 18.15 h&nbsp;<\/p>\n\n\n\n<p>\u2022 Espai Bet\u00falia&nbsp;<\/p>\n\n\n\n<p>Dimecres alterns, de 19 a 20.30 h&nbsp;<\/p>\n\n\n\n<p>\u2022 Biblioteca Lloreda&nbsp;<\/p>\n\n\n\n<p>Dimecres alterns, de 16 a 17 h&nbsp;<\/p>\n\n\n\n<p>\u2022 Biblioteca Sant Roc&nbsp;<\/p>\n\n\n\n<p>Cada dimarts, de 17.30 a 18.30 h&nbsp;<\/p>\n\n\n\n<p>\u2022 Biblioteca Pomar&nbsp;<\/p>\n\n\n\n<p>Els divendres, de 16.30 a 17.30 h&nbsp;<\/p>\n\n\n\n<p>\u2022 Biblioteca Llefi\u00e0-Xavier Soto&nbsp;<\/p>\n\n\n\n<p>Tots els dilluns, de 17.30 a 18.30 h&nbsp;<\/p>\n\n\n\n<p><strong>Club de lectura nivell intermedi en catal\u00e0&nbsp;<\/strong><\/p>\n\n\n\n<p>Es llegir\u00e0 i comentar\u00e0 una obra en catal\u00e0. Les obres s\u2019oferiran als usuaris i usu\u00e0ries interessats\/des que s\u2019inscriguin a l\u2019activitat.&nbsp;<\/p>\n\n\n\n<p>\u2022 Biblioteca Canyad\u00f3 i Casagemes-Joan Argent\u00e9&nbsp;<\/p>\n\n\n\n<p>Dilluns alterns, de 18.15 a 19.30 hores, a partir del 6 novembre.&nbsp;<\/p>\n\n\n\n<p>\u2022 Espai Bet\u00falia&nbsp;<\/p>\n\n\n\n<p>Dimarts alterns, de 10.30 a 11.30 hores, a partir del 3 d\u2019octubre.&nbsp;<\/p>\n\n\n\n<p><strong>Tert\u00falia virtual de cinema&nbsp;<\/strong><\/p>\n\n\n\n<p>Dimarts alterns, a les 18.30 hores, a la Biblioteca Pomar. Activitat <em>online<\/em> a trav\u00e9s de la plataforma Tellfy. Per poder participar cal inscripci\u00f3 pr\u00e8via a: <a href=\"mailto:badabiblios@gmail.com\">badabiblios@gmail.com<\/a> dient a quina tert\u00falia es vol participar.&nbsp;<\/p>\n\n\n\n<p>M\u00e9s informaci\u00f3 sobre els serveis i les activitats a les biblioteques municipals: <a href=\"http:\/\/www.badabiblios.cat\">www.badabiblios.cat<\/a>.&nbsp;<\/p>\n","protected":false},"excerpt":{"rendered":"<p>Aquest mes de setembre, amb l\u2019inici del curs escolar, s\u2019han tornat a obrir les inscripcions per als diferents clubs de lectura de la Xarxa Municipal de Biblioteques de Badalona que ofereixen diverses ofertes: literaris, en diferents idiomes, de lectura f\u00e0cil (En catal\u00e0 llegim i parlem), de nivell intermedi i les tert\u00falies virtuals de cinema.&nbsp; Els [&hellip;]<\/p>\n","protected":false},"author":2,"featured_media":5689,"comment_status":"open","ping_status":"open","sticky":false,"template":"","format":"standard","meta":{"footnotes":""},"categories":[23,25],"tags":[],"class_list":{"0":"post-5688","1":"post","2":"type-post","3":"status-publish","4":"format-standard","5":"has-post-thumbnail","7":"category-actualitat","8":"category-cultura"},"_links":{"self":[{"href":"https:\/\/areabadalona.com\/diario\/wp-json\/wp\/v2\/posts\/5688","targetHints":{"allow":["GET"]}}],"collection":[{"href":"https:\/\/areabadalona.com\/diario\/wp-json\/wp\/v2\/posts"}],"about":[{"href":"https:\/\/areabadalona.com\/diario\/wp-json\/wp\/v2\/types\/post"}],"author":[{"embeddable":true,"href":"https:\/\/areabadalona.com\/diario\/wp-json\/wp\/v2\/users\/2"}],"replies":[{"embeddable":true,"href":"https:\/\/areabadalona.com\/diario\/wp-json\/wp\/v2\/comments?post=5688"}],"version-history":[{"count":1,"href":"https:\/\/areabadalona.com\/diario\/wp-json\/wp\/v2\/posts\/5688\/revisions"}],"predecessor-version":[{"id":5690,"href":"https:\/\/areabadalona.com\/diario\/wp-json\/wp\/v2\/posts\/5688\/revisions\/5690"}],"wp:featuredmedia":[{"embeddable":true,"href":"https:\/\/areabadalona.com\/diario\/wp-json\/wp\/v2\/media\/5689"}],"wp:attachment":[{"href":"https:\/\/areabadalona.com\/diario\/wp-json\/wp\/v2\/media?parent=5688"}],"wp:term":[{"taxonomy":"category","embeddable":true,"href":"https:\/\/areabadalona.com\/diario\/wp-json\/wp\/v2\/categories?post=5688"},{"taxonomy":"post_tag","embeddable":true,"href":"https:\/\/areabadalona.com\/diario\/wp-json\/wp\/v2\/tags?post=5688"}],"curies":[{"name":"wp","href":"https:\/\/api.w.org\/{rel}","templated":true}]}}