{"id":5684,"date":"2023-09-14T12:59:04","date_gmt":"2023-09-14T12:59:04","guid":{"rendered":"https:\/\/areabadalona.com\/diario\/?p=5684"},"modified":"2023-09-14T12:59:44","modified_gmt":"2023-09-14T12:59:44","slug":"badalona-obre-la-convocatoria-per-incorporar-46-nous-agents-de-la-guardia-urbana","status":"publish","type":"post","link":"https:\/\/areabadalona.com\/diario\/2023\/09\/14\/badalona-obre-la-convocatoria-per-incorporar-46-nous-agents-de-la-guardia-urbana\/","title":{"rendered":"Badalona obre la convocat\u00f2ria per incorporar 46 nous agents de la Gu\u00e0rdia Urbana\u00a0"},"content":{"rendered":"\n<p>Badalona obre la convocat\u00f2ria del proc\u00e9s de selecci\u00f3 per a la incorporaci\u00f3 de 46 nous agents de la Gu\u00e0rdia Urbana. 18 d\u2019aquestes places es reserven per a dones. El termini de presentaci\u00f3 finalitzar\u00e0 l\u201911 d\u2019octubre.&nbsp;<\/p>\n\n\n\n<p>A finals d\u2019aquest mes de setembre la Gu\u00e0rdia Urbana de Badalona incrementar\u00e0 la seva plantilla amb la incorporaci\u00f3 de 23 nous agents un cop han finalitzat la seva formaci\u00f3 a l\u2019escola de l\u2019Institut de Seguretat P\u00fablica de Catalunya.&nbsp;<\/p>\n\n\n\n<p>Pel que fa a la millora de les instal\u00b7lacions i els mitjans materials, l\u2019Ajuntament de Badalona ha destinat 1,5 milions d\u2019euros per a la remodelaci\u00f3 integral de la Comissaria de la Gu\u00e0rdia Urbana de Badalona i les seves depend\u00e8ncies centrals, situades al Tur\u00f3 d\u2019en Caritg. Amb aquesta inversi\u00f3 es modernitzaran aquestes instal\u00b7lacions que van ser constru\u00efdes durant la d\u00e8cada dels anys 80 i estan totalment obsoletes.&nbsp;<\/p>\n\n\n\n<p>L\u2019alcalde de Badalona, Xavier Garc\u00eda Albiol, ha manifestat que: \u201cuna de les prioritats d\u2019aquest Govern \u00e9s posar fi a la mancan\u00e7a de recursos humans i materials de la Gu\u00e0rdia Urbana i la prova m\u00e9s evident \u00e9s que en aquests primers tres mesos complirem la meitat del nostre objectiu pel que fa a la incorporaci\u00f3 d\u2019efectius a la policia local\u201d. L\u2019alcalde ha afegit que \u201cabans de finalitzar l\u2019actual mandat haurem incorporat 100 nous efectius a la Gu\u00e0rdia Urbana\u201d.&nbsp;<\/p>\n\n\n\n<p>Proc\u00e9s selectiu de 46 places d\u2019agent de Gu\u00e0rdia Urbana:&nbsp;<\/p>\n\n\n\n<p><a href=\"https:\/\/badalona.convoca.online\/processDetail.html?id=f5bd2717-ba1c-485d-7b43-08db2914157f&amp;type=0\">https:\/\/badalona.convoca.online\/processDetail.html?id=f5bd2717-ba1c-485d-7b43-08db2914157f&amp;type=0<\/a><\/p>\n","protected":false},"excerpt":{"rendered":"<p>Badalona obre la convocat\u00f2ria del proc\u00e9s de selecci\u00f3 per a la incorporaci\u00f3 de 46 nous agents de la Gu\u00e0rdia Urbana. 18 d\u2019aquestes places es reserven per a dones. El termini de presentaci\u00f3 finalitzar\u00e0 l\u201911 d\u2019octubre.&nbsp; A finals d\u2019aquest mes de setembre la Gu\u00e0rdia Urbana de Badalona incrementar\u00e0 la seva plantilla amb la incorporaci\u00f3 de 23 [&hellip;]<\/p>\n","protected":false},"author":2,"featured_media":5687,"comment_status":"open","ping_status":"open","sticky":false,"template":"","format":"standard","meta":{"footnotes":""},"categories":[23],"tags":[],"class_list":{"0":"post-5684","1":"post","2":"type-post","3":"status-publish","4":"format-standard","5":"has-post-thumbnail","7":"category-actualitat"},"_links":{"self":[{"href":"https:\/\/areabadalona.com\/diario\/wp-json\/wp\/v2\/posts\/5684","targetHints":{"allow":["GET"]}}],"collection":[{"href":"https:\/\/areabadalona.com\/diario\/wp-json\/wp\/v2\/posts"}],"about":[{"href":"https:\/\/areabadalona.com\/diario\/wp-json\/wp\/v2\/types\/post"}],"author":[{"embeddable":true,"href":"https:\/\/areabadalona.com\/diario\/wp-json\/wp\/v2\/users\/2"}],"replies":[{"embeddable":true,"href":"https:\/\/areabadalona.com\/diario\/wp-json\/wp\/v2\/comments?post=5684"}],"version-history":[{"count":1,"href":"https:\/\/areabadalona.com\/diario\/wp-json\/wp\/v2\/posts\/5684\/revisions"}],"predecessor-version":[{"id":5685,"href":"https:\/\/areabadalona.com\/diario\/wp-json\/wp\/v2\/posts\/5684\/revisions\/5685"}],"wp:featuredmedia":[{"embeddable":true,"href":"https:\/\/areabadalona.com\/diario\/wp-json\/wp\/v2\/media\/5687"}],"wp:attachment":[{"href":"https:\/\/areabadalona.com\/diario\/wp-json\/wp\/v2\/media?parent=5684"}],"wp:term":[{"taxonomy":"category","embeddable":true,"href":"https:\/\/areabadalona.com\/diario\/wp-json\/wp\/v2\/categories?post=5684"},{"taxonomy":"post_tag","embeddable":true,"href":"https:\/\/areabadalona.com\/diario\/wp-json\/wp\/v2\/tags?post=5684"}],"curies":[{"name":"wp","href":"https:\/\/api.w.org\/{rel}","templated":true}]}}