{"id":5681,"date":"2023-09-14T11:36:20","date_gmt":"2023-09-14T11:36:20","guid":{"rendered":"https:\/\/areabadalona.com\/diario\/?p=5681"},"modified":"2023-09-14T11:36:20","modified_gmt":"2023-09-14T11:36:20","slug":"el-festival-filmets-obrira-ledicio-denguany-amb-el-curt-que-ha-guanyat-lany-2023-loscar-de-hollywood-i-el-bafta-britanic-a-la-millor-ficcio","status":"publish","type":"post","link":"https:\/\/areabadalona.com\/diario\/2023\/09\/14\/el-festival-filmets-obrira-ledicio-denguany-amb-el-curt-que-ha-guanyat-lany-2023-loscar-de-hollywood-i-el-bafta-britanic-a-la-millor-ficcio\/","title":{"rendered":"El festival FILMETS obrir\u00e0 l\u2019edici\u00f3 d\u2019enguany amb el curt que ha guanyat l\u2019any 2023 l\u2019Oscar de Hollywood i el BAFTA brit\u00e0nic a la millor ficci\u00f3"},"content":{"rendered":"\n<p>El festival FILMETS obrir\u00e0 la seva 49a edici\u00f3 amb un plat fort, concretament amb la pel\u00b7l\u00edcula que ha guanyat l\u2019any 2023 l\u2019Oscar de Hollywood i el premi BAFTA brit\u00e0nic a la millor ficci\u00f3. Es tracta de la pel\u00b7l\u00edcula \u2018An irish googbye\u2019, una com\u00e8dia dram\u00e0tica produ\u00efda per Irlanda i el Regne Unit i que proposa un plantejament vital sobre si el pragmatisme \u00e9s o no sempre m\u00e9s intel\u00b7ligent que els sentiments.<\/p>\n\n\n\n<p>El festival FILMETS comen\u00e7a amb m\u00e9s for\u00e7a que mai com ho demostra la selecci\u00f3 de 7 pel\u00b7l\u00edcules que es podran veure a la Sessi\u00f3 Inaugural. D\u2019aquestes 7 pel\u00b7l\u00edcules, a banda del curt \u2018An irish googbye\u2019, cal destacar el documental \u2018Liturgy of anti-tank obstacles\u2019, que mostra l\u2019estremidora visi\u00f3 de com la guerra a Ucra\u00efna ha imposat uns canvis d\u2019h\u00e0bit a la vida quotidiana dels ucra\u00efnesos. El curt mostra com a l\u2019oest del pa\u00eds els escultors d\u2019est\u00e0tues religioses es reciclen fabricant obstacles antitancs. Tamb\u00e9 cal destacar el curt catal\u00e0 \u2018Niuada\u2019, un drama rural on els protagonistes s\u00f3n uns nens i nenes que no sempre s\u00f3n tan innocents com poden semblar. Una tensa utilitzaci\u00f3 del paisatge i un bon repartiment infantil.<\/p>\n\n\n\n<p>La Sessi\u00f3 Inaugural tamb\u00e9 es convertir\u00e0 en un homenatge a la cineasta Carla Sim\u00f3n, que rebr\u00e0 la Venus d\u2019Honor del festival. Carla Sim\u00f3n est\u00e0 vinculada a FILMETS des de l\u2019origen de la seva carrera cinematogr\u00e0fica i ja a l\u2019any 2015 va guanyar la Venus al Millor Curt de Badalona.<\/p>\n\n\n\n<p>La Sessi\u00f3 Inaugural de la 49a edici\u00f3 de FILMETS Badalona Film Festival es far\u00e0 el divendres 20, a les 21 hores, al Teatre Zorrilla de Badalona i ser\u00e0 retransmessa en directe per la Xarxa de Televisions Locals de Catalunya. El senyal de la sessi\u00f3 ser\u00e0 produ\u00eft per Televisi\u00f3 de Badalona<\/p>\n\n\n\n<p><strong>Set curtmetratges de luxe per obrir la 49a edici\u00f3<\/strong><\/p>\n\n\n\n<p>A continuaci\u00f3 presentem les sinopsis de les 7 pel\u00b7l\u00edcules que configuraran la Sessi\u00f3 Inaugural de FILMETS. Moltes d\u2019elles seran presentades a Badalona pels seus directors i protagonistes.<\/p>\n\n\n\n<ul class=\"wp-block-list\">\n<li><strong>AN IRISH GOODBYE<\/strong><\/li>\n<\/ul>\n\n\n\n<p>(Tom Berkeley, Ross White, 2022, Irlanda\/Regne Unit, Ficci\u00f3, Com\u00e8dia dram\u00e0tica, 23\u2019)<\/p>\n\n\n\n<p>Emotiva per\u00f2 no sensiblera com\u00e8dia dram\u00e0tica, humor negre per\u00f2 no ben b\u00e9 luctu\u00f3s sobre desitjos p\u00f2stums o impostats, sobre afectes fraternals que reneixen de les cendres maternes, sobre els vincles de la sang i de la terra, sobre difer\u00e8ncies que s\u2019igualen en la retrobada i qui sap si ef\u00edmera o duradora conviv\u00e8ncia, sobre si el pragmatisme \u00e9s o no \u00e9s sempre m\u00e9s intel\u00b7ligent que els sentiments.<\/p>\n\n\n\n<p>Un dels actors del curt, Paddy Jenkis, ser\u00e0 al Teatre Zorrilla de Badalona per presentar la pel\u00b7l\u00edcula.<\/p>\n\n\n\n<p><em><strong>An Irish Goodbye<\/strong><\/em><em>, <\/em>convincentment protagonitzat per dos germans interpretats per <strong>Seamus O\u2019Hara<\/strong> i <strong>James Martin<\/strong>, aquest darrer amb s\u00edndrome de Down, \u00e9s el segon curt escrit, produ\u00eft i dirigit per <strong>Tom Berkeley<\/strong> i <strong>Ross White<\/strong> i una molt significativa mostra del bon funcionament de les modernes estrat\u00e8gies de finan\u00e7ament descentralitzat que adopta el cinema <em>indie<\/em> com a alternativa al model Hollywood. I que a m\u00e9s es revela capa\u00e7 de guanyar l\u2019<strong>Oscar <\/strong>i el <strong>BAFTA 202<\/strong><strong>3<\/strong> al Millor curtmetratge de ficci\u00f3.<\/p>\n\n\n\n<ul class=\"wp-block-list\">\n<li><strong>KRAB<\/strong><\/li>\n<\/ul>\n\n\n\n<p>(Piotr Chmielewski, 2022, Pol\u00f2nia, Animaci\u00f3, 8\u2019)<\/p>\n\n\n\n<p>I si pogu\u00e9ssim veure el m\u00f3n de qualsevol de les maneres com el veuen la resta dels animals no humans? Per exemple, des de la perspectiva d\u2019un cranc. Potser seria un pas endavant, un aven\u00e7 emp\u00e0tic envers les altres especies amb qui compartim el planeta. Imaginem-nos el punt de vista d\u2019un cranc a punt de ser abocat a una olla bullint i, de cop i volta, paradoxalment salvat per un esdeveniment catastr\u00f2fic, convertit en supervivent i testimoni d\u2019una trag\u00e8dia hist\u00f2rica.<\/p>\n\n\n\n<p>Piotr Chmielwski, el director polon\u00e8s del curtmetratge, ser\u00e0 a Badalona per presentar la seva pel\u00b7l\u00edcula.<\/p>\n\n\n\n<p><strong>Piotr Chmielwski<\/strong> \u00e9s un autodidacta de l\u2019animaci\u00f3 <em>stop-motion<\/em> aplicada a plantejar q\u00fcestions socials amb materials visuals.<\/p>\n\n\n\n<ul class=\"wp-block-list\">\n<li><strong>LITURGY OF ANTI-TANK OBSTACLES<\/strong><\/li>\n<\/ul>\n\n\n\n<p>(Dmytro Sukholytkyy-Sobchuk, 2022, Ucra\u00efna\/EEUU, Documental, 12\u2019)<\/p>\n\n\n\n<p>Oest d&#8217;Ucra\u00efna. Els escultors d\u2019est\u00e0tues religioses es reciclen construint obstacles antitancs. Co-producci\u00f3 estatunidenca d\u2019origen ucra\u00efn\u00e8s. Un documental apadrinat per Daniel Lombroso, del prestigi\u00f3s departament videogr\u00e0fic de <em>The New Yorker<\/em>, que ofereix una visi\u00f3 ins\u00f2lita, peculiar, focalitzada i alhora de gran pot\u00e8ncia simb\u00f2lica i fins i tot est\u00e8ticament estremidora dels canvis d\u2019h\u00e0bits quotidians o laborals que ha imposat la guerra.<\/p>\n\n\n\n<p>El director ucra\u00efn\u00e8s <strong>Dmytro Sukholytkyy-Sobchuk<\/strong> es va graduar a la <strong>Universitat Nacional de Teatre, Cinema i Televisi\u00f3 IK Karpenko-Kary de Kyiv<\/strong>. Ha participat a la <strong>Berlinale Talents<\/strong> i a la <strong>Locarno Film Academy<\/strong>, i va fundar la plataforma de guions <strong>Terrarium<\/strong>. El seu primer largmetratge, <em><strong>Pamfir<\/strong><\/em>, va ser seleccionat a la Quinzena de Realitzadors de <strong>Festival de Cinema de Cannes 2022<\/strong>.<\/p>\n\n\n\n<ul class=\"wp-block-list\">\n<li><strong>ACTION!<\/strong><\/li>\n<\/ul>\n\n\n\n<p>(Arne K\u00f6rner, 2022, Alemanya, documental-experimental, 1\u201906\u201d)<\/p>\n\n\n\n<p>La claqueta vista no com un humil accessori del rodatge sin\u00f3 com un instrument vital, com un element gaireb\u00e9 org\u00e0nic que regula els fluxos d\u2019informaci\u00f3 de la pel\u00b7l\u00edcula, que l\u2019articula, que l\u2019anima amb els seus batecs. Portella manual que obre i tanca els m\u00faltiples segments d\u2019una simfonia d\u2019instants, marca que els registra i organitza. Una simfonia que aqu\u00ed se\u2019ns serveix vertiginosament, amb frenes\u00ed percutiu, els clac-clacs de la claqueta gaireb\u00e9 a ritme de claqu\u00e9.<\/p>\n\n\n\n<p>El director del curt, Arne K\u00f6rner, ser\u00e0 a Badalona per presentar la seva pel\u00b7l\u00edcula.<\/p>\n\n\n\n<p>L\u2019alemany <strong>Arne K\u00f6rner<\/strong>, format a la <strong>Universitat de Belles Arts d&#8217;Hamburg<\/strong>, a <strong>l&#8217; \u00c9cole national sup\u00e9rieure des beaux-arts de Par\u00eds<\/strong> i a la <strong>Rogue Film School de Werner Herzog<\/strong>, no nom\u00e9s ha dirigit nombrosos curtmetratges premiats sin\u00f3 que tamb\u00e9 \u00e9s responsable dels llargs <strong>The Bicycle<\/strong> (2015) i <strong>Gasmann<\/strong> (2019), guardonats respectivament al <strong>Festival de Cinema Mundial de Montreal<\/strong> i al <strong>Festival Internacional de Cinema del Caire.<\/strong><\/p>\n\n\n\n<ul class=\"wp-block-list\">\n<li><strong>YEGUA<\/strong><\/li>\n<\/ul>\n\n\n\n<p>(Javier Celay, 2023, Espanya, ficci\u00f3, drama rural, 17\u2019)<\/p>\n\n\n\n<p>Un llogarr\u00f3 navarr\u00e8s, als Montes de la Valdorba, en situaci\u00f3 de despoblaci\u00f3. Un modest ramader ha de bregar amb una euga malalta, la dona dependent i els seus propis fantasmes i dilemes morals.<\/p>\n\n\n\n<p>El director del curt, Javier Celay, ser\u00e0 a Badalona per presentar la pel\u00b7l\u00edcula.<\/p>\n\n\n\n<p>Despr\u00e9s de la seva estrena el m\u00e9s de mar\u00e7 al <strong>MAFIZ, Festival de Cine de M\u00e1laga<\/strong>, el curtmetratge ha aconseguit mitja dotzena de premis nacionals en menys de dos mesos, destacant el <strong>Premio Fugaz al millor actor<\/strong> per a <strong>Karra Elejalde<\/strong>.<\/p>\n\n\n\n<ul class=\"wp-block-list\">\n<li><strong>NIUADA<\/strong><\/li>\n<\/ul>\n\n\n\n<p>(Val\u00e8ria Cun\u00ed, 2023, Catalunya, Ficci\u00f3, drama rural, 8\u201920\u2019)<\/p>\n\n\n\n<p>Els nens I les nenes no son pas tan innocents com poden semblar. Un gens complaent relat inici\u00e0tic d\u2019ambient rural, de dolenteria pubescen. Nom\u00e9s un s\u2019oposa a la contagiosa crueltat gratu\u00efta del grup.<\/p>\n\n\n\n<p>Rodat a Baleny\u00e0 sobre una hist\u00f2ria i gui\u00f3 de <strong>Rita Acebr\u00f3n<\/strong>, amb tensa utilitzaci\u00f3 del paisatge i cre\u00efbles interpretacions de tot el repartiment infantil.<\/p>\n\n\n\n<p>La barcelonina <strong>Val\u00e8ria Cun\u00ed<\/strong>, graduada a <strong>l\u2019ESCAC (Escola Superior de Cinema i Audiovisuals de Catalunya<\/strong>) i actualment cursant el M\u00e1ster de Direcci\u00f3, firma amb <em><strong>Niuada<\/strong><\/em> el seu cinqu\u00e8 curtmetratge, on aprofundeix en la seva recurrent obsessi\u00f3 pel moment cr\u00edtic de la p\u00e8rdua de la innoc\u00e8ncia dels nens o els adolescents.<\/p>\n\n\n\n<ul class=\"wp-block-list\">\n<li><strong>FORTISSIMO<\/strong><\/li>\n<\/ul>\n\n\n\n<p>(Victor Cesca, 2022, Fran\u00e7a, Ficci\u00f3, Com\u00e8dia musical esbojarrada,14\u2019)<\/p>\n\n\n\n<p><strong>Divertid\u00edssima com\u00e8dia musical en clau d\u2019acarnissat duel pian\u00edstic<\/strong> i personal entre un capell\u00e0 i una misteriosa nena prodigi arreplegada al carrer. Gaireb\u00e9 un western de tecles en lloc de bales. En aquesta esgl\u00e9sia no hi ha lloc per a tots dos.<\/p>\n\n\n\n<p>El director del curt, V\u00edctor Cesca, ser\u00e0 a Badalona per presentar la pel\u00b7l\u00edcula.<\/p>\n\n\n\n<p><strong>V\u00edctor Cesca<\/strong> va abordar amb <em><strong>Fort\u00edssimo<\/strong><\/em> el seu projecte de curtmetratge m\u00e9s ambici\u00f3s fins al moment, en termes de preparaci\u00f3, pressupost i desplegament t\u00e8cnic i art\u00edstic. El <strong>gui\u00f3<\/strong> va ser <strong>premiat <\/strong>per sobre d\u2019una quarantena de treballs al <strong>concurs de guions<\/strong> organitzat per el <strong>Hotmilk Festival<\/strong> i <strong>La Baleine M\u00e9canique<\/strong> . Gr\u00e0cies a un article del diari provincial <em><strong>La Montagne,<\/strong><\/em> va localitzar casualment a la localitat de Brive a <strong>Gayan\u00e9 Gharagyozyan<\/strong>, la joven\u00edssima coprotagonista, una extra\u00f2rdin\u00e0ria pianista de dotze anys. El curt ha rebut, entre d\u2019altres, el <strong>Premi del P\u00fablic al Festival Concours de Courts \u00e0 Toulouse 2023<\/strong> i tamb\u00e9 al <strong>Festival International Rabat-Comedy 2023<\/strong>. <strong>Cesca<\/strong> reivindica apassionadament el cinema d\u2019entreteniment popular, i considera que la com\u00e8dia musical, que ja havia conreat anteriorment, \u00e9s el g\u00e8nere m\u00e9s cinematogr\u00e0fic que existeix.<\/p>\n\n\n\n<p><strong>Carla Sim\u00f3n, Venus d\u2019Honor de FILMETS<\/strong><\/p>\n\n\n\n<p>La directora catalana Carla Sim\u00f3n rebr\u00e0 a la Sessi\u00f3 Inaugural de FILMETS la Venus d&#8217;Honor del festival. Amb el lliurament d&#8217;aquest guard\u00f3, FILMETS vol recon\u00e8ixer la traject\u00f2ria cinematogr\u00e0fica de Carla Sim\u00f3n, vinculada al festival des de 2015. Carla Simon ha rebut aquest 2023 el Premio Nacional de Cinematografia, atorgat pel Ministerio de Cultura y Deporte; l&#8217;any 2022 va guanyar l&#8217;Os d&#8217;Or a la millor pel\u00b7l\u00edcula al Festival Internacional de Cine de Berlin; i l&#8217;any 2020 el Consell Nacional de la Cultura i les Arts li va atorgar el Premi Nacional de Cultura.<\/p>\n\n\n\n<p>La directora de cinema Carla Sim\u00f3n, nascuda a Barcelona el 1986 per\u00f2 amb una part destacada de la seva fam\u00edlia arrelada a Badalona on ella hi va viure uns anys, t\u00e9 una estreta vinculaci\u00f3 amb FILMETS. L&#8217;any 2015, quan encara no era una directora coneguda, FILMETS la va descobrir amb el curt &#8216;Las peque\u00f1as cosas&#8217;. Amb aquesta pel\u00b7l\u00edcula va guanyar l&#8217;any 2015 la Venus al Millor Curt de Badalona quan tot just comen\u00e7ava la seva brillant i fruct\u00edfera carrera cinematogr\u00e0fica.<\/p>\n","protected":false},"excerpt":{"rendered":"<p>El festival FILMETS obrir\u00e0 la seva 49a edici\u00f3 amb un plat fort, concretament amb la pel\u00b7l\u00edcula que ha guanyat l\u2019any 2023 l\u2019Oscar de Hollywood i el premi BAFTA brit\u00e0nic a la millor ficci\u00f3. Es tracta de la pel\u00b7l\u00edcula \u2018An irish googbye\u2019, una com\u00e8dia dram\u00e0tica produ\u00efda per Irlanda i el Regne Unit i que proposa un [&hellip;]<\/p>\n","protected":false},"author":2,"featured_media":5682,"comment_status":"open","ping_status":"open","sticky":false,"template":"","format":"standard","meta":{"footnotes":""},"categories":[25],"tags":[],"class_list":{"0":"post-5681","1":"post","2":"type-post","3":"status-publish","4":"format-standard","5":"has-post-thumbnail","7":"category-cultura"},"_links":{"self":[{"href":"https:\/\/areabadalona.com\/diario\/wp-json\/wp\/v2\/posts\/5681","targetHints":{"allow":["GET"]}}],"collection":[{"href":"https:\/\/areabadalona.com\/diario\/wp-json\/wp\/v2\/posts"}],"about":[{"href":"https:\/\/areabadalona.com\/diario\/wp-json\/wp\/v2\/types\/post"}],"author":[{"embeddable":true,"href":"https:\/\/areabadalona.com\/diario\/wp-json\/wp\/v2\/users\/2"}],"replies":[{"embeddable":true,"href":"https:\/\/areabadalona.com\/diario\/wp-json\/wp\/v2\/comments?post=5681"}],"version-history":[{"count":1,"href":"https:\/\/areabadalona.com\/diario\/wp-json\/wp\/v2\/posts\/5681\/revisions"}],"predecessor-version":[{"id":5683,"href":"https:\/\/areabadalona.com\/diario\/wp-json\/wp\/v2\/posts\/5681\/revisions\/5683"}],"wp:featuredmedia":[{"embeddable":true,"href":"https:\/\/areabadalona.com\/diario\/wp-json\/wp\/v2\/media\/5682"}],"wp:attachment":[{"href":"https:\/\/areabadalona.com\/diario\/wp-json\/wp\/v2\/media?parent=5681"}],"wp:term":[{"taxonomy":"category","embeddable":true,"href":"https:\/\/areabadalona.com\/diario\/wp-json\/wp\/v2\/categories?post=5681"},{"taxonomy":"post_tag","embeddable":true,"href":"https:\/\/areabadalona.com\/diario\/wp-json\/wp\/v2\/tags?post=5681"}],"curies":[{"name":"wp","href":"https:\/\/api.w.org\/{rel}","templated":true}]}}