{"id":5675,"date":"2023-09-07T09:55:22","date_gmt":"2023-09-07T09:55:22","guid":{"rendered":"https:\/\/areabadalona.com\/diario\/?p=5675"},"modified":"2023-09-07T09:55:23","modified_gmt":"2023-09-07T09:55:23","slug":"les-inscripcions-als-cursos-de-catala-del-cnl-de-badalona-i-sant-adria-seran-del-12-al-15-de-setembre","status":"publish","type":"post","link":"https:\/\/areabadalona.com\/diario\/2023\/09\/07\/les-inscripcions-als-cursos-de-catala-del-cnl-de-badalona-i-sant-adria-seran-del-12-al-15-de-setembre\/","title":{"rendered":"Les inscripcions als cursos de catal\u00e0 del CNL de Badalona i Sant Adri\u00e0 seran del 12 al 15 de setembre"},"content":{"rendered":"\n<p>Les inscripcions per als cursos generals del CNL de Badalona i Sant Adri\u00e0 seran els dies 12, 13, 14 i 15 de setembre de 2023. Les sol\u00b7licituds es podran fer en l\u00ednia, mitjan\u00e7ant la plataforma d&#8217;inscripcions als cursos de catal\u00e0, o b\u00e9 de forma presencial a les oficines de Badalona i Sant Adri\u00e0.<br>Badalona. Av. d&#8217;Alfons XIII, 14 &#8211; 16, entl. 1a. Tel. 93 398 46 30 badalona@cpnl.cat. dies 12, 13 i 14. 9:00-13:00. 15:30-19:00. dia 15. 9:00-13:00<br>Sant Adri\u00e0. Pl. de Guillermo Vida\u00f1a i Haro, s\/n. Tel. 93 381 20 05 santadria@cpnl.cat. dies 12, 13, 14 i 15. 9:00 \u2013 13:00<br>La matr\u00edcula s&#8217;estructura en dos torns: els dies 12 i 13 s\u2019han d\u2019inscriure les persones que hagin fet un curs del CPNL en els \u00faltims 12 mesos; els dies 14 i 15, tota la resta.<br>Fins al dia 8 de setembre, les persones que no hagin fet un curs al CPNL durant els darrers 12 mesos o que no disposin d&#8217;un certificat de coneixements de catal\u00e0 hauran de sol\u00b7licitar una prova de nivell per poder determinar quin curs \u00e9s el m\u00e9s idoni per a elles. Es pot sol\u00b7licitar telem\u00e0ticament a la plataforma d&#8217;inscripcions o presencialment als centres de normalitzaci\u00f3 ling\u00fc\u00edstica.<br>En aquesta inscripci\u00f3, corresponent al primer trimestre del curs 2023-24, el CNL de Badalona i Sant Adri\u00e0 ofereix cursos de catal\u00e0, en modalitat presencial o en l\u00ednia, de tots els nivells: des de l&#8217;inicial fins al superior. En el cas del C2, hi haur\u00e0 oferta tant en format de durada anual com semestral.<br>Els cursos de catal\u00e0 organitzats pel CPNL segueixen els programes de llengua catalana de la Secretaria de Pol\u00edtica Ling\u00fc\u00edstica. Els certificats de nivell que expedeix el CPNL tenen validesa oficial i es corresponen amb els nivells del Marc europeu com\u00fa de refer\u00e8ncia (MECR).<\/p>\n","protected":false},"excerpt":{"rendered":"<p>Les inscripcions per als cursos generals del CNL de Badalona i Sant Adri\u00e0 seran els dies 12, 13, 14 i 15 de setembre de 2023. Les sol\u00b7licituds es podran fer en l\u00ednia, mitjan\u00e7ant la plataforma d&#8217;inscripcions als cursos de catal\u00e0, o b\u00e9 de forma presencial a les oficines de Badalona i Sant Adri\u00e0.Badalona. Av. d&#8217;Alfons [&hellip;]<\/p>\n","protected":false},"author":2,"featured_media":5676,"comment_status":"open","ping_status":"open","sticky":false,"template":"","format":"standard","meta":{"footnotes":""},"categories":[23],"tags":[],"class_list":{"0":"post-5675","1":"post","2":"type-post","3":"status-publish","4":"format-standard","5":"has-post-thumbnail","7":"category-actualitat"},"_links":{"self":[{"href":"https:\/\/areabadalona.com\/diario\/wp-json\/wp\/v2\/posts\/5675","targetHints":{"allow":["GET"]}}],"collection":[{"href":"https:\/\/areabadalona.com\/diario\/wp-json\/wp\/v2\/posts"}],"about":[{"href":"https:\/\/areabadalona.com\/diario\/wp-json\/wp\/v2\/types\/post"}],"author":[{"embeddable":true,"href":"https:\/\/areabadalona.com\/diario\/wp-json\/wp\/v2\/users\/2"}],"replies":[{"embeddable":true,"href":"https:\/\/areabadalona.com\/diario\/wp-json\/wp\/v2\/comments?post=5675"}],"version-history":[{"count":1,"href":"https:\/\/areabadalona.com\/diario\/wp-json\/wp\/v2\/posts\/5675\/revisions"}],"predecessor-version":[{"id":5677,"href":"https:\/\/areabadalona.com\/diario\/wp-json\/wp\/v2\/posts\/5675\/revisions\/5677"}],"wp:featuredmedia":[{"embeddable":true,"href":"https:\/\/areabadalona.com\/diario\/wp-json\/wp\/v2\/media\/5676"}],"wp:attachment":[{"href":"https:\/\/areabadalona.com\/diario\/wp-json\/wp\/v2\/media?parent=5675"}],"wp:term":[{"taxonomy":"category","embeddable":true,"href":"https:\/\/areabadalona.com\/diario\/wp-json\/wp\/v2\/categories?post=5675"},{"taxonomy":"post_tag","embeddable":true,"href":"https:\/\/areabadalona.com\/diario\/wp-json\/wp\/v2\/tags?post=5675"}],"curies":[{"name":"wp","href":"https:\/\/api.w.org\/{rel}","templated":true}]}}