{"id":5672,"date":"2023-09-07T09:36:52","date_gmt":"2023-09-07T09:36:52","guid":{"rendered":"https:\/\/areabadalona.com\/diario\/?p=5672"},"modified":"2023-09-07T09:36:53","modified_gmt":"2023-09-07T09:36:53","slug":"homenatge-a-salvador-allende-a-badalona-en-el-50e-aniversari-del-seu-assassinat","status":"publish","type":"post","link":"https:\/\/areabadalona.com\/diario\/2023\/09\/07\/homenatge-a-salvador-allende-a-badalona-en-el-50e-aniversari-del-seu-assassinat\/","title":{"rendered":"Homenatge a Salvador Allende a Badalona en el 50\u00e8 aniversari del seu assassinat"},"content":{"rendered":"\n<p>Com cada any el Comit\u00e9 C\u00edvic Salvador Allende de Badalona i les entitats que en formen part commemoren l\u2019onze de setembre, data en qu\u00e8 va ser assassinat durant el cop d\u2019estat d\u2019Augusto Pinochet el 1973, la figura del president xil\u00e8 realitzant un homenatge a la pla\u00e7a que porta el seu nom a Badalona.<\/p>\n\n\n\n<p>L\u2019acte consistir\u00e0 en la lectura del manifest d\u2019aquest any per part de la companya i activista xilena Isabella Mons\u00f3, la poetessa Nina Salinas ens llegir\u00e0 uns poemes, escoltarem l&#8217;\u00faltim discurs del president Allende i posteriorment es faran l\u2019ofrena floral i el cant de can\u00e7ons revolucion\u00e0ries.&nbsp;<\/p>\n\n\n\n<p>El Comit\u00e8 C\u00edvic Salvador Allende de Badalona est\u00e0 format per m\u00e9s d\u2019una trentena d\u2019entitats badalonines, entre elles les associacions ve\u00efnals de La Salut i Llefi\u00e0, el Casal d\u2019Amistat amb Cuba de Badalona i diverses entitats socials i partits pol\u00edtics.<\/p>\n","protected":false},"excerpt":{"rendered":"<p>Com cada any el Comit\u00e9 C\u00edvic Salvador Allende de Badalona i les entitats que en formen part commemoren l\u2019onze de setembre, data en qu\u00e8 va ser assassinat durant el cop d\u2019estat d\u2019Augusto Pinochet el 1973, la figura del president xil\u00e8 realitzant un homenatge a la pla\u00e7a que porta el seu nom a Badalona. L\u2019acte consistir\u00e0 [&hellip;]<\/p>\n","protected":false},"author":2,"featured_media":5673,"comment_status":"open","ping_status":"open","sticky":false,"template":"","format":"standard","meta":{"footnotes":""},"categories":[23,24],"tags":[],"class_list":{"0":"post-5672","1":"post","2":"type-post","3":"status-publish","4":"format-standard","5":"has-post-thumbnail","7":"category-actualitat","8":"category-societat"},"_links":{"self":[{"href":"https:\/\/areabadalona.com\/diario\/wp-json\/wp\/v2\/posts\/5672","targetHints":{"allow":["GET"]}}],"collection":[{"href":"https:\/\/areabadalona.com\/diario\/wp-json\/wp\/v2\/posts"}],"about":[{"href":"https:\/\/areabadalona.com\/diario\/wp-json\/wp\/v2\/types\/post"}],"author":[{"embeddable":true,"href":"https:\/\/areabadalona.com\/diario\/wp-json\/wp\/v2\/users\/2"}],"replies":[{"embeddable":true,"href":"https:\/\/areabadalona.com\/diario\/wp-json\/wp\/v2\/comments?post=5672"}],"version-history":[{"count":1,"href":"https:\/\/areabadalona.com\/diario\/wp-json\/wp\/v2\/posts\/5672\/revisions"}],"predecessor-version":[{"id":5674,"href":"https:\/\/areabadalona.com\/diario\/wp-json\/wp\/v2\/posts\/5672\/revisions\/5674"}],"wp:featuredmedia":[{"embeddable":true,"href":"https:\/\/areabadalona.com\/diario\/wp-json\/wp\/v2\/media\/5673"}],"wp:attachment":[{"href":"https:\/\/areabadalona.com\/diario\/wp-json\/wp\/v2\/media?parent=5672"}],"wp:term":[{"taxonomy":"category","embeddable":true,"href":"https:\/\/areabadalona.com\/diario\/wp-json\/wp\/v2\/categories?post=5672"},{"taxonomy":"post_tag","embeddable":true,"href":"https:\/\/areabadalona.com\/diario\/wp-json\/wp\/v2\/tags?post=5672"}],"curies":[{"name":"wp","href":"https:\/\/api.w.org\/{rel}","templated":true}]}}