{"id":5669,"date":"2023-09-07T09:29:04","date_gmt":"2023-09-07T09:29:04","guid":{"rendered":"https:\/\/areabadalona.com\/diario\/?p=5669"},"modified":"2023-09-07T09:29:05","modified_gmt":"2023-09-07T09:29:05","slug":"lespai-betulia-presenta-patria-comun-delibes-ilustrado","status":"publish","type":"post","link":"https:\/\/areabadalona.com\/diario\/2023\/09\/07\/lespai-betulia-presenta-patria-comun-delibes-ilustrado\/","title":{"rendered":"L\u2019Espai Bet\u00falia presenta \u201cPatria com\u00fan. Delibes ilustrado\u201d\u00a0"},"content":{"rendered":"\n<p>L\u2019Espai Bet\u00falia, Centre de la paraula i les lletres, presentar\u00e0 des del 12 de setembre fins al 27 d\u2019octubre de 2023 l\u2019exposici\u00f3 \u00abPatria com\u00fan. Delibes ilustrado\u00bb. Es tracta d\u2019una exposici\u00f3 produ\u00efda per la Fundaci\u00f3n Miguel Delibes, de Valladolid.&nbsp;<\/p>\n\n\n\n<p>L\u2019exposici\u00f3, que s\u2019inaugurar\u00e0 el pr\u00f2xim dimarts 12 de setembre, es compon de trenta il\u00b7lustracions originals, de t\u00e8cniques i estils molt diversos, que acompanyen els textos seleccionats de Miguel Delibes, a m\u00e9s d\u2019altres materials, com edicions il\u00b7lustrades de les seves obres. Tamb\u00e9 es podran veure els vint dibuixos originals del mateix Delibes que van servir per a il\u00b7lustrar, en 1960, una edici\u00f3 per a escolars nord-americans de la seva obra <em>El camino<\/em>.&nbsp;<\/p>\n\n\n\n<p>La mostra presenta il\u00b7lustracions dels personatges infantils i juvenils de la narrativa de Miguel Delibes a c\u00e0rrec de prestigiosos il\u00b7lustradors. S\u00f3n 15 blocs o cap\u00edtols tem\u00e0tics encap\u00e7alats per un t\u00edtol: \u201cMi tierra\u201d, \u201cNaturaleza viva\u201d, \u201cDe pueblo\u201d, \u201cUna Ciudad\u201d, \u201cDos amigos\u201d, etc. Cadascun consta d&#8217;un text d&#8217;alguna de les novel\u00b7les de Miguel Delibes, una il\u00b7lustraci\u00f3 d&#8217;all\u00f2 que descriu el text i una altra del personatge protagonista. \u00c9s a dir, dues il\u00b7lustracions i un text cada bloc. Un total de 30 il\u00b7lustracions m\u00e9s els 20 dibuixos de l\u2019autor per a l\u2019edici\u00f3 de <em>El camino<\/em>.&nbsp;<\/p>\n\n\n\n<p>L&#8217;exposici\u00f3 consta tamb\u00e9 d\u2019abundants edicions il\u00b7lustrades de les obres de l\u2019autor val\u00b7lisolet\u00e0.&nbsp;<\/p>\n\n\n\n<p><strong>Activitats complement\u00e0ries<\/strong>:&nbsp;<\/p>\n\n\n\n<p>&#8211; Dimecres 4 d\u2019octubre, a les 19 hores. \u201cSemblanza de Miguel Delibes\u201d, per Elisa Delibes de Castro&nbsp;<\/p>\n\n\n\n<p>&#8211; Dilluns 23 d\u2019octubre a les 19 hores: Visita guiada, per Marisa Sotelo (Universitat de Barcelona).&nbsp;<\/p>\n","protected":false},"excerpt":{"rendered":"<p>L\u2019Espai Bet\u00falia, Centre de la paraula i les lletres, presentar\u00e0 des del 12 de setembre fins al 27 d\u2019octubre de 2023 l\u2019exposici\u00f3 \u00abPatria com\u00fan. Delibes ilustrado\u00bb. Es tracta d\u2019una exposici\u00f3 produ\u00efda per la Fundaci\u00f3n Miguel Delibes, de Valladolid.&nbsp; L\u2019exposici\u00f3, que s\u2019inaugurar\u00e0 el pr\u00f2xim dimarts 12 de setembre, es compon de trenta il\u00b7lustracions originals, de t\u00e8cniques [&hellip;]<\/p>\n","protected":false},"author":2,"featured_media":5670,"comment_status":"open","ping_status":"open","sticky":false,"template":"","format":"standard","meta":{"footnotes":""},"categories":[25],"tags":[],"class_list":{"0":"post-5669","1":"post","2":"type-post","3":"status-publish","4":"format-standard","5":"has-post-thumbnail","7":"category-cultura"},"_links":{"self":[{"href":"https:\/\/areabadalona.com\/diario\/wp-json\/wp\/v2\/posts\/5669","targetHints":{"allow":["GET"]}}],"collection":[{"href":"https:\/\/areabadalona.com\/diario\/wp-json\/wp\/v2\/posts"}],"about":[{"href":"https:\/\/areabadalona.com\/diario\/wp-json\/wp\/v2\/types\/post"}],"author":[{"embeddable":true,"href":"https:\/\/areabadalona.com\/diario\/wp-json\/wp\/v2\/users\/2"}],"replies":[{"embeddable":true,"href":"https:\/\/areabadalona.com\/diario\/wp-json\/wp\/v2\/comments?post=5669"}],"version-history":[{"count":1,"href":"https:\/\/areabadalona.com\/diario\/wp-json\/wp\/v2\/posts\/5669\/revisions"}],"predecessor-version":[{"id":5671,"href":"https:\/\/areabadalona.com\/diario\/wp-json\/wp\/v2\/posts\/5669\/revisions\/5671"}],"wp:featuredmedia":[{"embeddable":true,"href":"https:\/\/areabadalona.com\/diario\/wp-json\/wp\/v2\/media\/5670"}],"wp:attachment":[{"href":"https:\/\/areabadalona.com\/diario\/wp-json\/wp\/v2\/media?parent=5669"}],"wp:term":[{"taxonomy":"category","embeddable":true,"href":"https:\/\/areabadalona.com\/diario\/wp-json\/wp\/v2\/categories?post=5669"},{"taxonomy":"post_tag","embeddable":true,"href":"https:\/\/areabadalona.com\/diario\/wp-json\/wp\/v2\/tags?post=5669"}],"curies":[{"name":"wp","href":"https:\/\/api.w.org\/{rel}","templated":true}]}}