{"id":5663,"date":"2023-09-05T10:37:00","date_gmt":"2023-09-05T10:37:00","guid":{"rendered":"https:\/\/areabadalona.com\/diario\/?p=5663"},"modified":"2023-09-06T10:40:39","modified_gmt":"2023-09-06T10:40:39","slug":"el-govern-municipal-aprovara-la-proxima-setmana-una-inversio-superior-als-17-milions-deuros-per-a-la-construccio-de-les-escoles-badalona-port-i-ventos-mir","status":"publish","type":"post","link":"https:\/\/areabadalona.com\/diario\/2023\/09\/05\/el-govern-municipal-aprovara-la-proxima-setmana-una-inversio-superior-als-17-milions-deuros-per-a-la-construccio-de-les-escoles-badalona-port-i-ventos-mir\/","title":{"rendered":"El Govern municipal aprovar\u00e0 la pr\u00f2xima setmana una inversi\u00f3 superior als 17 milions d\u2019euros per a la construcci\u00f3 de les escoles Badalona Port i Vent\u00f3s Mir\u00a0"},"content":{"rendered":"\n<p>El Govern municipal aprovar\u00e0 la pr\u00f2xima setmana, en un Ple extraordinari, una inversi\u00f3 superior als 17 milions d\u2019euros per a la construcci\u00f3 de les escoles Badalona Port i Vent\u00f3s Mir. D\u2019aquesta manera, l\u2019Ajuntament de Badalona es fa c\u00e0rrec per avan\u00e7at de la construcci\u00f3 dels dos centres i compleix amb una demanda de fa m\u00e9s de 10 anys de les fam\u00edlies i de la comunitat educativa. La Generalitat retornar\u00e0 els diners a l\u2019administraci\u00f3 local en diferents anualitats durant quatre anys. &nbsp;<\/p>\n\n\n\n<p>Un cop aprovada aquesta inversi\u00f3, de forma paral\u00b7lela el Govern municipal ja est\u00e0 treballant per licitar el projecte de les dues escoles a finals d\u2019aquest mateix any i poder iniciar les obres durant l\u2019estiu de l\u2019any vinent. El termini d\u2019execuci\u00f3 aproximat de les actuacions \u00e9s de 19 mesos. &nbsp;<\/p>\n\n\n\n<p>L\u2019alcalde de Badalona, Xavier Garcia Albiol, ha remarcat que \u201cni les fam\u00edlies ni els professors podien seguir esperant tenir unes instal\u00b7lacions dignes, modernes i completament funcionals\u201d. \u201cAquesta \u00e9s una inversi\u00f3 que es pot aprovar en aquests moments perqu\u00e8 a l\u2019Ajuntament hi ha estabilitat pol\u00edtica i, per aix\u00f2, la prioritat d\u2019aquest Govern \u00e9s abordar i desencallar tots els projectes que havien quedat paralitzats els \u00faltims anys\u201d, assegura l\u2019alcalde.&nbsp;<\/p>\n\n\n\n<p>L\u2019escola Vent\u00f3s Mir \u00e9s un centre hist\u00f2ric de Badalona ubicat en un edifici que va entrar en funcionament com a escola l\u2019any 1926. Actualment, el centre t\u00e9 aproximadament una l\u00ednia i mitja per curs repartits entre aquest edifici i una ampliaci\u00f3 feta l\u2019any 2008 mitjan\u00e7ant la instal\u00b7laci\u00f3 de m\u00f2duls prefabricats en un solar pr\u00f2xim a l\u2019edifici principal. La nova escola contempla la construcci\u00f3 d\u2019un nou edifici de dues l\u00ednies que permetr\u00e0 donar resposta a la demanda de places d\u2019oferta p\u00fablica a la zona centre de la ciutat ja que es construir\u00e0 als terrenys de l\u2019Estrella. Aquest edifici, que constar\u00e0 d\u2019una planta baixa m\u00e9s dues plantes, t\u00e9 un pressupost aproximat de 8.335.702 euros.&nbsp;<\/p>\n\n\n\n<p>L\u2019escola Badalona Port \u00e9s un centre d\u2019una l\u00ednia educativa que es va crear el curs 2010-2011 en m\u00f2duls prefabricat, amb les limitacions que aquesta situaci\u00f3 comporta. L\u2019escola est\u00e0 ubicada al barri del Gorg, amb un gran creixement urban\u00edstic, al solar a on hi havia l\u2019antiga Inspecci\u00f3 T\u00e8cnica de Vehicles (ITV). Es construir\u00e0 un nou centre d\u2019Infantil i Prim\u00e0ria de dues l\u00ednies que constar\u00e0 d\u2019una planta baixa m\u00e9s dues plantes. El pressupost de l\u2019actuaci\u00f3 \u00e9s de 8.833.000 euros.&nbsp;<\/p>\n","protected":false},"excerpt":{"rendered":"<p>El Govern municipal aprovar\u00e0 la pr\u00f2xima setmana, en un Ple extraordinari, una inversi\u00f3 superior als 17 milions d\u2019euros per a la construcci\u00f3 de les escoles Badalona Port i Vent\u00f3s Mir. D\u2019aquesta manera, l\u2019Ajuntament de Badalona es fa c\u00e0rrec per avan\u00e7at de la construcci\u00f3 dels dos centres i compleix amb una demanda de fa m\u00e9s de [&hellip;]<\/p>\n","protected":false},"author":2,"featured_media":1265,"comment_status":"open","ping_status":"open","sticky":false,"template":"","format":"standard","meta":{"footnotes":""},"categories":[23],"tags":[],"class_list":{"0":"post-5663","1":"post","2":"type-post","3":"status-publish","4":"format-standard","5":"has-post-thumbnail","7":"category-actualitat"},"_links":{"self":[{"href":"https:\/\/areabadalona.com\/diario\/wp-json\/wp\/v2\/posts\/5663","targetHints":{"allow":["GET"]}}],"collection":[{"href":"https:\/\/areabadalona.com\/diario\/wp-json\/wp\/v2\/posts"}],"about":[{"href":"https:\/\/areabadalona.com\/diario\/wp-json\/wp\/v2\/types\/post"}],"author":[{"embeddable":true,"href":"https:\/\/areabadalona.com\/diario\/wp-json\/wp\/v2\/users\/2"}],"replies":[{"embeddable":true,"href":"https:\/\/areabadalona.com\/diario\/wp-json\/wp\/v2\/comments?post=5663"}],"version-history":[{"count":1,"href":"https:\/\/areabadalona.com\/diario\/wp-json\/wp\/v2\/posts\/5663\/revisions"}],"predecessor-version":[{"id":5664,"href":"https:\/\/areabadalona.com\/diario\/wp-json\/wp\/v2\/posts\/5663\/revisions\/5664"}],"wp:featuredmedia":[{"embeddable":true,"href":"https:\/\/areabadalona.com\/diario\/wp-json\/wp\/v2\/media\/1265"}],"wp:attachment":[{"href":"https:\/\/areabadalona.com\/diario\/wp-json\/wp\/v2\/media?parent=5663"}],"wp:term":[{"taxonomy":"category","embeddable":true,"href":"https:\/\/areabadalona.com\/diario\/wp-json\/wp\/v2\/categories?post=5663"},{"taxonomy":"post_tag","embeddable":true,"href":"https:\/\/areabadalona.com\/diario\/wp-json\/wp\/v2\/tags?post=5663"}],"curies":[{"name":"wp","href":"https:\/\/api.w.org\/{rel}","templated":true}]}}