{"id":5660,"date":"2023-09-04T08:47:33","date_gmt":"2023-09-04T08:47:33","guid":{"rendered":"https:\/\/areabadalona.com\/diario\/?p=5660"},"modified":"2023-09-04T08:47:33","modified_gmt":"2023-09-04T08:47:33","slug":"diada-nacional-de-catalunya-a-badalona-2023","status":"publish","type":"post","link":"https:\/\/areabadalona.com\/diario\/2023\/09\/04\/diada-nacional-de-catalunya-a-badalona-2023\/","title":{"rendered":"Diada Nacional de Catalunya a Badalona 2023\u00a0"},"content":{"rendered":"\n<p>La pla\u00e7a de la Plana de Badalona ser\u00e0 l\u2019escenari, un any m\u00e9s, de l\u2019acte institucional de la Diada Nacional de Catalunya que es celebrar\u00e0 aquest dilluns, 11 de setembre, a partir de les 10 hores amb la tradicional ofrena floral al mon\u00f2lit commemoratiu. En primer lloc tindr\u00e0 lloc l\u2019ofrena floral de la corporaci\u00f3 municipal, seguida per les entitats de la ciutat i particulars.&nbsp;<\/p>\n\n\n\n<p>L\u2019acte institucional comptar\u00e0 amb el Ball de l\u2019\u00c0liga i l\u2019acompanyament musical de l\u2019Ensemble de la Banda Simf\u00f2nica de Badalona i un pilar a c\u00e0rrec de la Colla Castellers de Badalona.&nbsp;<\/p>\n\n\n\n<p>A partir de les 12 hores, tamb\u00e9 a la pla\u00e7a de La Plana, tindr\u00e0 lloc la Diada castellera que enguany comptar\u00e0 amb la participaci\u00f3 de les colles dels Castellers de Badalona i els Castellers de la Sagrada Fam\u00edlia.&nbsp;<\/p>\n","protected":false},"excerpt":{"rendered":"<p>La pla\u00e7a de la Plana de Badalona ser\u00e0 l\u2019escenari, un any m\u00e9s, de l\u2019acte institucional de la Diada Nacional de Catalunya que es celebrar\u00e0 aquest dilluns, 11 de setembre, a partir de les 10 hores amb la tradicional ofrena floral al mon\u00f2lit commemoratiu. En primer lloc tindr\u00e0 lloc l\u2019ofrena floral de la corporaci\u00f3 municipal, seguida [&hellip;]<\/p>\n","protected":false},"author":2,"featured_media":5661,"comment_status":"open","ping_status":"open","sticky":false,"template":"","format":"standard","meta":{"footnotes":""},"categories":[23],"tags":[],"class_list":{"0":"post-5660","1":"post","2":"type-post","3":"status-publish","4":"format-standard","5":"has-post-thumbnail","7":"category-actualitat"},"_links":{"self":[{"href":"https:\/\/areabadalona.com\/diario\/wp-json\/wp\/v2\/posts\/5660","targetHints":{"allow":["GET"]}}],"collection":[{"href":"https:\/\/areabadalona.com\/diario\/wp-json\/wp\/v2\/posts"}],"about":[{"href":"https:\/\/areabadalona.com\/diario\/wp-json\/wp\/v2\/types\/post"}],"author":[{"embeddable":true,"href":"https:\/\/areabadalona.com\/diario\/wp-json\/wp\/v2\/users\/2"}],"replies":[{"embeddable":true,"href":"https:\/\/areabadalona.com\/diario\/wp-json\/wp\/v2\/comments?post=5660"}],"version-history":[{"count":1,"href":"https:\/\/areabadalona.com\/diario\/wp-json\/wp\/v2\/posts\/5660\/revisions"}],"predecessor-version":[{"id":5662,"href":"https:\/\/areabadalona.com\/diario\/wp-json\/wp\/v2\/posts\/5660\/revisions\/5662"}],"wp:featuredmedia":[{"embeddable":true,"href":"https:\/\/areabadalona.com\/diario\/wp-json\/wp\/v2\/media\/5661"}],"wp:attachment":[{"href":"https:\/\/areabadalona.com\/diario\/wp-json\/wp\/v2\/media?parent=5660"}],"wp:term":[{"taxonomy":"category","embeddable":true,"href":"https:\/\/areabadalona.com\/diario\/wp-json\/wp\/v2\/categories?post=5660"},{"taxonomy":"post_tag","embeddable":true,"href":"https:\/\/areabadalona.com\/diario\/wp-json\/wp\/v2\/tags?post=5660"}],"curies":[{"name":"wp","href":"https:\/\/api.w.org\/{rel}","templated":true}]}}