{"id":5657,"date":"2023-09-01T07:27:55","date_gmt":"2023-09-01T07:27:55","guid":{"rendered":"https:\/\/areabadalona.com\/diario\/?p=5657"},"modified":"2023-09-04T07:29:07","modified_gmt":"2023-09-04T07:29:07","slug":"el-govern-municipal-aprovara-aquest-setembre-una-inversio-d15-milions-deuros-per-a-la-reforma-de-la-comissaria-de-la-guardia-urbana-de-badalona","status":"publish","type":"post","link":"https:\/\/areabadalona.com\/diario\/2023\/09\/01\/el-govern-municipal-aprovara-aquest-setembre-una-inversio-d15-milions-deuros-per-a-la-reforma-de-la-comissaria-de-la-guardia-urbana-de-badalona\/","title":{"rendered":"El Govern municipal aprovar\u00e0 aquest setembre una inversi\u00f3 d\u20191,5 milions d\u2019euros per a la reforma de la comissaria de la Gu\u00e0rdia Urbana de Badalona\u00a0"},"content":{"rendered":"\n<p>L\u2019Ajuntament de Badalona destinar\u00e0 1,5 milions d\u2019euros per a la remodelaci\u00f3 integral de la Comissaria de la Gu\u00e0rdia Urbana de Badalona i les seves depend\u00e8ncies centrals, situades al Tur\u00f3 d\u2019en Caritg, al barri de Sistrells. Amb aquesta inversi\u00f3 es pret\u00e9n remodelar i modernitzar les instal\u00b7lacions, que daten dels anys 80 i est\u00e0 totalment obsolet.&nbsp;<\/p>\n\n\n\n<p>Durant aquest mes de setembre s\u2019aprovar\u00e0 la dotaci\u00f3 pressupost\u00e0ria que permetr\u00e0 iniciar els tr\u00e0mits per a fer les obres. L\u2019alcalde de Badalona, Xavier Garcia Albiol, ha avan\u00e7at que l\u2019aprovaci\u00f3 d\u2019aquesta inversi\u00f3 es portar\u00e0 al Ple de l\u2019Ajuntament durant aquest mateix mes de setembre perqu\u00e8 la remodelaci\u00f3 comenci en els pr\u00f2xims mesos. &nbsp;<\/p>\n\n\n\n<p>L\u2019alcalde ha remarcat que: \u201caquest Govern municipal posar\u00e0 fi a 20 anys de deteriorament de les instal\u00b7lacions fins al punt de ser indignes per al treball dels agents i per a l\u2019atenci\u00f3 a la ciutadania\u201d. \u201cJuntament amb la convocat\u00f2ria de 43 nous agents de la Gu\u00e0rdia Urbana, aquesta \u00e9s una altra de les mesures que posem en marxa per millorar la seguretat a la ciutat, ja que \u00e9s una de les nostres m\u00e0ximes prioritats\u201d, conclou l\u2019alcalde.&nbsp;<\/p>\n","protected":false},"excerpt":{"rendered":"<p>L\u2019Ajuntament de Badalona destinar\u00e0 1,5 milions d\u2019euros per a la remodelaci\u00f3 integral de la Comissaria de la Gu\u00e0rdia Urbana de Badalona i les seves depend\u00e8ncies centrals, situades al Tur\u00f3 d\u2019en Caritg, al barri de Sistrells. Amb aquesta inversi\u00f3 es pret\u00e9n remodelar i modernitzar les instal\u00b7lacions, que daten dels anys 80 i est\u00e0 totalment obsolet.&nbsp; Durant [&hellip;]<\/p>\n","protected":false},"author":2,"featured_media":5658,"comment_status":"open","ping_status":"open","sticky":false,"template":"","format":"standard","meta":{"footnotes":""},"categories":[23],"tags":[],"class_list":{"0":"post-5657","1":"post","2":"type-post","3":"status-publish","4":"format-standard","5":"has-post-thumbnail","7":"category-actualitat"},"_links":{"self":[{"href":"https:\/\/areabadalona.com\/diario\/wp-json\/wp\/v2\/posts\/5657","targetHints":{"allow":["GET"]}}],"collection":[{"href":"https:\/\/areabadalona.com\/diario\/wp-json\/wp\/v2\/posts"}],"about":[{"href":"https:\/\/areabadalona.com\/diario\/wp-json\/wp\/v2\/types\/post"}],"author":[{"embeddable":true,"href":"https:\/\/areabadalona.com\/diario\/wp-json\/wp\/v2\/users\/2"}],"replies":[{"embeddable":true,"href":"https:\/\/areabadalona.com\/diario\/wp-json\/wp\/v2\/comments?post=5657"}],"version-history":[{"count":1,"href":"https:\/\/areabadalona.com\/diario\/wp-json\/wp\/v2\/posts\/5657\/revisions"}],"predecessor-version":[{"id":5659,"href":"https:\/\/areabadalona.com\/diario\/wp-json\/wp\/v2\/posts\/5657\/revisions\/5659"}],"wp:featuredmedia":[{"embeddable":true,"href":"https:\/\/areabadalona.com\/diario\/wp-json\/wp\/v2\/media\/5658"}],"wp:attachment":[{"href":"https:\/\/areabadalona.com\/diario\/wp-json\/wp\/v2\/media?parent=5657"}],"wp:term":[{"taxonomy":"category","embeddable":true,"href":"https:\/\/areabadalona.com\/diario\/wp-json\/wp\/v2\/categories?post=5657"},{"taxonomy":"post_tag","embeddable":true,"href":"https:\/\/areabadalona.com\/diario\/wp-json\/wp\/v2\/tags?post=5657"}],"curies":[{"name":"wp","href":"https:\/\/api.w.org\/{rel}","templated":true}]}}