{"id":5654,"date":"2023-08-30T08:29:54","date_gmt":"2023-08-30T08:29:54","guid":{"rendered":"https:\/\/areabadalona.com\/diario\/?p=5654"},"modified":"2023-08-30T08:29:55","modified_gmt":"2023-08-30T08:29:55","slug":"lalcalde-de-badalona-xavier-garcia-albiol-i-lempresari-enrique-tomas-projecten-per-a-2024-la-creacio-duna-gran-trobada-mediterrania-que-fusioni-gastronomia-musica-cultura-i-esport","status":"publish","type":"post","link":"https:\/\/areabadalona.com\/diario\/2023\/08\/30\/lalcalde-de-badalona-xavier-garcia-albiol-i-lempresari-enrique-tomas-projecten-per-a-2024-la-creacio-duna-gran-trobada-mediterrania-que-fusioni-gastronomia-musica-cultura-i-esport\/","title":{"rendered":"L&#8217;alcalde de Badalona, Xavier Garcia Albiol, i l&#8217;empresari, Enrique Tom\u00e1s, projecten per a 2024 la creaci\u00f3 d&#8217;una gran trobada mediterr\u00e0nia que fusioni gastronomia, m\u00fasica, cultura i esport"},"content":{"rendered":"\n<p>L\u2019alcalde de Badalona, Xavier Garcia Albiol, i l&#8217;empresari badalon\u00ed, Enrique Tom\u00e1s, han mantingut una primera trobada per a impulsar durant l&#8217;any 2024 un gran esdeveniment internacional que converteixi la ciutat de Badalona en un punt d&#8217;inter\u00e8s mundial amb activitats que durant una setmana fusionin gastronomia, m\u00fasica, esport i cultura.<\/p>\n\n\n\n<p>Amb l&#8217;objectiu de dissenyar les l\u00ednies generals i posar les bases del projecte, que tindr\u00e0 el Mediterrani com a eix central, l&#8217;alcalde i l&#8217;empresari ja s&#8217;han reunit a Estepona (M\u00e0laga) amb l&#8217;humorista, <em>showman<\/em>, actor i presentador, Carlos Latre i amb la periodista i subdirectora de Mundo Deportivo, Cristina Cubero. Aquests contactes s&#8217;ampliaran pr\u00f2ximament amb altres professionals dels \u00e0mbits de la gastronomia, la cultura i l&#8217;esport per a configurar la programaci\u00f3 definitiva de l&#8217;esdeveniment.<\/p>\n\n\n\n<p>Xavier Garcia Albiol s&#8217;ha mostrat molt esperan\u00e7at amb aquesta primera trobada \u201camb la qual volem fer un salt qualitatiu i posicionar Badalona com un gran referent mundial\u201d. \u201dEns agradaria que la primera edici\u00f3 arrib\u00e9s l&#8217;any 2024\u201d, afegeix l&#8217;alcalde de Badalona \u201camb un esdeveniment que irradi\u00ef activitats que fusionin la cultura, l&#8217;esport i la gastronomia, elements que, per separat i junts, desperten i aixequen passions i que permetran gaudir a tots els ve\u00efns de Badalona\u201d.<\/p>\n\n\n\n<p>L&#8217;empresari Enrique Tom\u00e1s ha destacat que: \u201cVaig n\u00e9ixer a Badalona, visc Badalona i estimo Badalona. Vull que tothom conegui la Badalona meravellosa que ja van descobrir els romans i que t\u00e9 tant per aportar al m\u00f3n\u201d.<\/p>\n","protected":false},"excerpt":{"rendered":"<p>L\u2019alcalde de Badalona, Xavier Garcia Albiol, i l&#8217;empresari badalon\u00ed, Enrique Tom\u00e1s, han mantingut una primera trobada per a impulsar durant l&#8217;any 2024 un gran esdeveniment internacional que converteixi la ciutat de Badalona en un punt d&#8217;inter\u00e8s mundial amb activitats que durant una setmana fusionin gastronomia, m\u00fasica, esport i cultura. Amb l&#8217;objectiu de dissenyar les l\u00ednies [&hellip;]<\/p>\n","protected":false},"author":2,"featured_media":5655,"comment_status":"open","ping_status":"open","sticky":false,"template":"","format":"standard","meta":{"footnotes":""},"categories":[23],"tags":[],"class_list":{"0":"post-5654","1":"post","2":"type-post","3":"status-publish","4":"format-standard","5":"has-post-thumbnail","7":"category-actualitat"},"_links":{"self":[{"href":"https:\/\/areabadalona.com\/diario\/wp-json\/wp\/v2\/posts\/5654","targetHints":{"allow":["GET"]}}],"collection":[{"href":"https:\/\/areabadalona.com\/diario\/wp-json\/wp\/v2\/posts"}],"about":[{"href":"https:\/\/areabadalona.com\/diario\/wp-json\/wp\/v2\/types\/post"}],"author":[{"embeddable":true,"href":"https:\/\/areabadalona.com\/diario\/wp-json\/wp\/v2\/users\/2"}],"replies":[{"embeddable":true,"href":"https:\/\/areabadalona.com\/diario\/wp-json\/wp\/v2\/comments?post=5654"}],"version-history":[{"count":1,"href":"https:\/\/areabadalona.com\/diario\/wp-json\/wp\/v2\/posts\/5654\/revisions"}],"predecessor-version":[{"id":5656,"href":"https:\/\/areabadalona.com\/diario\/wp-json\/wp\/v2\/posts\/5654\/revisions\/5656"}],"wp:featuredmedia":[{"embeddable":true,"href":"https:\/\/areabadalona.com\/diario\/wp-json\/wp\/v2\/media\/5655"}],"wp:attachment":[{"href":"https:\/\/areabadalona.com\/diario\/wp-json\/wp\/v2\/media?parent=5654"}],"wp:term":[{"taxonomy":"category","embeddable":true,"href":"https:\/\/areabadalona.com\/diario\/wp-json\/wp\/v2\/categories?post=5654"},{"taxonomy":"post_tag","embeddable":true,"href":"https:\/\/areabadalona.com\/diario\/wp-json\/wp\/v2\/tags?post=5654"}],"curies":[{"name":"wp","href":"https:\/\/api.w.org\/{rel}","templated":true}]}}