{"id":5648,"date":"2023-07-31T09:26:46","date_gmt":"2023-07-31T09:26:46","guid":{"rendered":"https:\/\/areabadalona.com\/diario\/?p=5648"},"modified":"2023-08-28T09:27:36","modified_gmt":"2023-08-28T09:27:36","slug":"aquest-dilluns-sha-obert-al-public-la-nova-placa-de-la-regalessia","status":"publish","type":"post","link":"https:\/\/areabadalona.com\/diario\/2023\/07\/31\/aquest-dilluns-sha-obert-al-public-la-nova-placa-de-la-regalessia\/","title":{"rendered":"Aquest dilluns s\u2019ha obert al p\u00fablic la nova pla\u00e7a de la Regal\u00e8ssia"},"content":{"rendered":"\n<p>Avui dilluns 31 de juliol s\u2019ha obert al p\u00fablic la nova pla\u00e7a de la Regal\u00e8ssia, ubicada al barri del Congr\u00e9s de Badalona, un cop s\u2019han enllestit les obres de reurbanitzaci\u00f3 de l\u2019espai. L\u2019actuaci\u00f3, emmarcada en el Programa d&#8217;actuacions de cohesi\u00f3 territorial (PACTE) 2020-2023 de l\u2019\u00c0rea Metropolitana de Barcelona (AMB), ha estat executada per l\u2019empresa COYNSA i ha tingut un cost de 450.000 euros.<\/p>\n\n\n\n<p>L\u2019adequaci\u00f3 d\u2019aquesta \u00e0rea ha incl\u00f2s l\u2019eliminaci\u00f3 de les barreres arquitect\u00f2niques que hi havia entre el carrer Sant Marc i la pla\u00e7a i la millora de la pavimentaci\u00f3 i el drenatge en l&#8217;interior de l\u2019espai. Tamb\u00e9 s&#8217;ha habilitat una nova zona lliure de 120 m\u00b2 davant el local de l&#8217;Associaci\u00f3 de Ve\u00efns, s&#8217;han instal\u00b7lat nous elements d&#8217;exercici per a gent gran i nous jocs infantils, a m\u00e9s de la rehabilitaci\u00f3 dels ja existents, i s&#8217;ha dotat de paviments de seguretat totes aquestes \u00e0rees. La remodelaci\u00f3 de la pla\u00e7a ha servit per introduir millores en les pistes esportives (cistelles, pintura de les pistes i tancament dels parterres) i per rehabilitar les quatre pistes de petanca existents. Amb la intenci\u00f3 de fer d\u2019aquesta pla\u00e7a una zona m\u00e9s amable i sostenible, tamb\u00e9 s\u2019ha renovat l\u2019enllumenat de la pista, s\u2019ha renovat l\u2019arbrat i la vegetaci\u00f3 dels escocells, que ara tenen un sistema de reg, i s\u2019han fet millores en el mobiliari urb\u00e0.<\/p>\n\n\n\n<p>L\u2019alcalde de Badalona, Xavier Garcia Albiol, ha visitat aquesta tarda la nova pla\u00e7a de la Regal\u00e8ssia acompanyat de ve\u00efns i ve\u00efnes de la zona. Garcia Albiol s\u2019ha mostrat satisfet de \u00abveure que finalment aquesta reforma que vam projectar mentre est\u00e0vem al Govern l\u2019any 2020 s\u2019ha fet realitat malgrat els entrebancs\u00bb. L\u2019alcalde ha destacat que \u00abla reforma d\u2019aquest espai \u00e9s una gran not\u00edcia per als ve\u00efns del Congr\u00e9s perqu\u00e8 \u00e9s un \u00e0rea per a totes les edats, on els joves poden practicar esport, els m\u00e9s grans passejar i jugar a la petanca i els infants i les fam\u00edlies gaudir d\u2019espais d\u2019esbarjo i zones de jocs\u00bb.<\/p>\n","protected":false},"excerpt":{"rendered":"<p>Avui dilluns 31 de juliol s\u2019ha obert al p\u00fablic la nova pla\u00e7a de la Regal\u00e8ssia, ubicada al barri del Congr\u00e9s de Badalona, un cop s\u2019han enllestit les obres de reurbanitzaci\u00f3 de l\u2019espai. L\u2019actuaci\u00f3, emmarcada en el Programa d&#8217;actuacions de cohesi\u00f3 territorial (PACTE) 2020-2023 de l\u2019\u00c0rea Metropolitana de Barcelona (AMB), ha estat executada per l\u2019empresa COYNSA [&hellip;]<\/p>\n","protected":false},"author":2,"featured_media":5649,"comment_status":"open","ping_status":"open","sticky":false,"template":"","format":"standard","meta":{"footnotes":""},"categories":[23],"tags":[],"class_list":{"0":"post-5648","1":"post","2":"type-post","3":"status-publish","4":"format-standard","5":"has-post-thumbnail","7":"category-actualitat"},"_links":{"self":[{"href":"https:\/\/areabadalona.com\/diario\/wp-json\/wp\/v2\/posts\/5648","targetHints":{"allow":["GET"]}}],"collection":[{"href":"https:\/\/areabadalona.com\/diario\/wp-json\/wp\/v2\/posts"}],"about":[{"href":"https:\/\/areabadalona.com\/diario\/wp-json\/wp\/v2\/types\/post"}],"author":[{"embeddable":true,"href":"https:\/\/areabadalona.com\/diario\/wp-json\/wp\/v2\/users\/2"}],"replies":[{"embeddable":true,"href":"https:\/\/areabadalona.com\/diario\/wp-json\/wp\/v2\/comments?post=5648"}],"version-history":[{"count":1,"href":"https:\/\/areabadalona.com\/diario\/wp-json\/wp\/v2\/posts\/5648\/revisions"}],"predecessor-version":[{"id":5650,"href":"https:\/\/areabadalona.com\/diario\/wp-json\/wp\/v2\/posts\/5648\/revisions\/5650"}],"wp:featuredmedia":[{"embeddable":true,"href":"https:\/\/areabadalona.com\/diario\/wp-json\/wp\/v2\/media\/5649"}],"wp:attachment":[{"href":"https:\/\/areabadalona.com\/diario\/wp-json\/wp\/v2\/media?parent=5648"}],"wp:term":[{"taxonomy":"category","embeddable":true,"href":"https:\/\/areabadalona.com\/diario\/wp-json\/wp\/v2\/categories?post=5648"},{"taxonomy":"post_tag","embeddable":true,"href":"https:\/\/areabadalona.com\/diario\/wp-json\/wp\/v2\/tags?post=5648"}],"curies":[{"name":"wp","href":"https:\/\/api.w.org\/{rel}","templated":true}]}}