{"id":5645,"date":"2023-08-03T09:21:04","date_gmt":"2023-08-03T09:21:04","guid":{"rendered":"https:\/\/areabadalona.com\/diario\/?p=5645"},"modified":"2023-08-28T09:21:41","modified_gmt":"2023-08-28T09:21:41","slug":"lajuntament-de-badalona-recull-mes-de-2-500-quilos-de-residus-en-un-operatiu-de-neteja-al-barri-de-sant-roc","status":"publish","type":"post","link":"https:\/\/areabadalona.com\/diario\/2023\/08\/03\/lajuntament-de-badalona-recull-mes-de-2-500-quilos-de-residus-en-un-operatiu-de-neteja-al-barri-de-sant-roc\/","title":{"rendered":"L\u2019Ajuntament de Badalona recull m\u00e9s de 2.500 quilos de residus en un operatiu de neteja al barri de Sant Roc"},"content":{"rendered":"\n<p>L\u2019Ajuntament de Badalona ha fet aquest dijous al mat\u00ed un operatiu de neteja al barri de Sant Roc en qu\u00e8 s\u2019han recollit 2535 quilos de residus. Entre els materials que s\u2019han aplegat hi havia trastos de tota mena, bicicletes trencades i lligades amb cadenes, carros de supermercat, fustes i altres materials de construcci\u00f3, cadires, mobles diversos, matalassos i piscines inflables de pl\u00e0stic.<\/p>\n\n\n\n<p>En l\u2019operatiu, que s\u2019ha dut a terme a partir de les 7.30 hores i que ha durat prop de tres hores, han participat una unitat de neteja formada per sis operaris i dos vehicles (un cami\u00f3 de caixa oberta per apilar el material recollit i un altre d\u2019escombraries). Els operaris han comptat amb suport d\u2019agents de la Gu\u00e0rdia Urbana de Badalona, que els ha acompanyat en el recorregut i han aixecat diverses actes per infraccions de diversa tipologia.<\/p>\n\n\n\n<p>El tercer tinent d&#8217;alcaldia de l&#8217;\u00c0mbit de Territori i Sostenibilitat, Daniel Gracia, ha explicat que \u201camb aquesta mena d\u2019actuacions volem aconseguir la dignificaci\u00f3 dels carrers de la zona i assegurar que els ve\u00efns tenen uns espais p\u00fablics de qualitat, que \u00e9s una de les prioritats del Govern municipal\u201d. En aquest sentit, Gracia ha demanat \u201cla col\u00b7laboraci\u00f3 de tota la ciutadania per no haver de dur a terme operacions de neteja d\u2019aquesta magnitud\u201d. El tinent d\u2019alcaldia ha recordat que \u201camb aquestes accions tamb\u00e9 fomentem la millora de la conviv\u00e8ncia i la democratitzaci\u00f3 dels carrers de la nostra ciutat\u201d.<\/p>\n","protected":false},"excerpt":{"rendered":"<p>L\u2019Ajuntament de Badalona ha fet aquest dijous al mat\u00ed un operatiu de neteja al barri de Sant Roc en qu\u00e8 s\u2019han recollit 2535 quilos de residus. Entre els materials que s\u2019han aplegat hi havia trastos de tota mena, bicicletes trencades i lligades amb cadenes, carros de supermercat, fustes i altres materials de construcci\u00f3, cadires, mobles [&hellip;]<\/p>\n","protected":false},"author":2,"featured_media":5646,"comment_status":"open","ping_status":"open","sticky":false,"template":"","format":"standard","meta":{"footnotes":""},"categories":[23],"tags":[],"class_list":{"0":"post-5645","1":"post","2":"type-post","3":"status-publish","4":"format-standard","5":"has-post-thumbnail","7":"category-actualitat"},"_links":{"self":[{"href":"https:\/\/areabadalona.com\/diario\/wp-json\/wp\/v2\/posts\/5645","targetHints":{"allow":["GET"]}}],"collection":[{"href":"https:\/\/areabadalona.com\/diario\/wp-json\/wp\/v2\/posts"}],"about":[{"href":"https:\/\/areabadalona.com\/diario\/wp-json\/wp\/v2\/types\/post"}],"author":[{"embeddable":true,"href":"https:\/\/areabadalona.com\/diario\/wp-json\/wp\/v2\/users\/2"}],"replies":[{"embeddable":true,"href":"https:\/\/areabadalona.com\/diario\/wp-json\/wp\/v2\/comments?post=5645"}],"version-history":[{"count":1,"href":"https:\/\/areabadalona.com\/diario\/wp-json\/wp\/v2\/posts\/5645\/revisions"}],"predecessor-version":[{"id":5647,"href":"https:\/\/areabadalona.com\/diario\/wp-json\/wp\/v2\/posts\/5645\/revisions\/5647"}],"wp:featuredmedia":[{"embeddable":true,"href":"https:\/\/areabadalona.com\/diario\/wp-json\/wp\/v2\/media\/5646"}],"wp:attachment":[{"href":"https:\/\/areabadalona.com\/diario\/wp-json\/wp\/v2\/media?parent=5645"}],"wp:term":[{"taxonomy":"category","embeddable":true,"href":"https:\/\/areabadalona.com\/diario\/wp-json\/wp\/v2\/categories?post=5645"},{"taxonomy":"post_tag","embeddable":true,"href":"https:\/\/areabadalona.com\/diario\/wp-json\/wp\/v2\/tags?post=5645"}],"curies":[{"name":"wp","href":"https:\/\/api.w.org\/{rel}","templated":true}]}}