{"id":5639,"date":"2023-08-09T09:17:37","date_gmt":"2023-08-09T09:17:37","guid":{"rendered":"https:\/\/areabadalona.com\/diario\/?p=5639"},"modified":"2023-08-28T09:18:18","modified_gmt":"2023-08-28T09:18:18","slug":"lajuntament-de-badalona-obre-un-expedient-sancionador-a-lempresa-de-neteja-viaria-per-incompliments-en-el-servei","status":"publish","type":"post","link":"https:\/\/areabadalona.com\/diario\/2023\/08\/09\/lajuntament-de-badalona-obre-un-expedient-sancionador-a-lempresa-de-neteja-viaria-per-incompliments-en-el-servei\/","title":{"rendered":"L\u2019Ajuntament de Badalona obre un expedient sancionador a l\u2019empresa de neteja vi\u00e0ria per incompliments en el servei\u00a0"},"content":{"rendered":"\n<p>L\u2019Ajuntament de Badalona ha obert un expedient sancionador a l\u2019empresa concession\u00e0ria de la neteja vi\u00e0ria de la ciutat per incompliments en el servei realitzat. Les inspeccions efectuades per funcionaris municipals han detectat que, aquest passat mes de juliol, un 36% dels serveis controlats pels inspectors municipals que s\u2019havien de prestar segons el contracte de neteja vi\u00e0ria vigent amb l\u2019empresa que actualment t\u00e9 la concessi\u00f3, no s\u2019han fet.&nbsp;<\/p>\n\n\n\n<p>Entre les infraccions del contracte s\u2019ha evidenciat la no localitzaci\u00f3 d\u2019equips a les rutes o la no pres\u00e8ncia dels operaris previstos que han provocat que el servei no s\u2019acab\u00e9s prestant.&nbsp;<\/p>\n\n\n\n<p>Aquesta \u00e9s la primera vegada que s\u2019estableix un control directe per funcionaris de l\u2019Ajuntament d\u2019aquest servei que complementa els que executa la mateixa empresa contractada per la verificaci\u00f3 d\u2019aquest servei. Els controls duts a terme pels treballadors municipals s\u2019incrementaran en els pr\u00f2xims mesos amb la incorporaci\u00f3 de m\u00e9s inspectors.&nbsp;<\/p>\n\n\n\n<p>El tercer tinent d\u2019alcaldia i regidor de l\u2019\u00c0mbit de Territori i Sostenibilitat, Daniel Gracia, ha volgut remarcar que tot i que \u201centenem que la culpa no \u00e9s dels treballadors sin\u00f3 de l\u2019empresa concession\u00e0ria que no est\u00e0 prestant aquests serveis, la neteja \u00e9s una prioritat per al nou consistori i per a la ciutat\u201d. El regidor ha afegit que l\u2019actual Govern municipal ser\u00e0 \u201cmolt rigor\u00f3s i exigent amb el compliment del contracte fins que se\u2019n liciti un de nou i, per aix\u00f2, de cara mesos vinents l\u2019Ajuntament de Badalona ampliar\u00e0 aquests controls a peu de carrer amb funcionaris municipals per posar fi a una situaci\u00f3 inacceptable pels ve\u00efns\u201d.&nbsp;<\/p>\n\n\n\n<p><strong>Iniciada la redacci\u00f3 dels plecs del nou contracte&nbsp;<\/strong><\/p>\n\n\n\n<p>Recordem que l\u2019Ajuntament de Badalona ja ha comen\u00e7at a redactar els plecs t\u00e8cnics per a la convocat\u00f2ria del nou concurs per al servei de neteja vi\u00e0ria, actualment en pr\u00f2rroga.&nbsp;<\/p>\n","protected":false},"excerpt":{"rendered":"<p>L\u2019Ajuntament de Badalona ha obert un expedient sancionador a l\u2019empresa concession\u00e0ria de la neteja vi\u00e0ria de la ciutat per incompliments en el servei realitzat. Les inspeccions efectuades per funcionaris municipals han detectat que, aquest passat mes de juliol, un 36% dels serveis controlats pels inspectors municipals que s\u2019havien de prestar segons el contracte de neteja [&hellip;]<\/p>\n","protected":false},"author":2,"featured_media":5640,"comment_status":"open","ping_status":"open","sticky":false,"template":"","format":"standard","meta":{"footnotes":""},"categories":[23],"tags":[],"class_list":{"0":"post-5639","1":"post","2":"type-post","3":"status-publish","4":"format-standard","5":"has-post-thumbnail","7":"category-actualitat"},"_links":{"self":[{"href":"https:\/\/areabadalona.com\/diario\/wp-json\/wp\/v2\/posts\/5639","targetHints":{"allow":["GET"]}}],"collection":[{"href":"https:\/\/areabadalona.com\/diario\/wp-json\/wp\/v2\/posts"}],"about":[{"href":"https:\/\/areabadalona.com\/diario\/wp-json\/wp\/v2\/types\/post"}],"author":[{"embeddable":true,"href":"https:\/\/areabadalona.com\/diario\/wp-json\/wp\/v2\/users\/2"}],"replies":[{"embeddable":true,"href":"https:\/\/areabadalona.com\/diario\/wp-json\/wp\/v2\/comments?post=5639"}],"version-history":[{"count":1,"href":"https:\/\/areabadalona.com\/diario\/wp-json\/wp\/v2\/posts\/5639\/revisions"}],"predecessor-version":[{"id":5641,"href":"https:\/\/areabadalona.com\/diario\/wp-json\/wp\/v2\/posts\/5639\/revisions\/5641"}],"wp:featuredmedia":[{"embeddable":true,"href":"https:\/\/areabadalona.com\/diario\/wp-json\/wp\/v2\/media\/5640"}],"wp:attachment":[{"href":"https:\/\/areabadalona.com\/diario\/wp-json\/wp\/v2\/media?parent=5639"}],"wp:term":[{"taxonomy":"category","embeddable":true,"href":"https:\/\/areabadalona.com\/diario\/wp-json\/wp\/v2\/categories?post=5639"},{"taxonomy":"post_tag","embeddable":true,"href":"https:\/\/areabadalona.com\/diario\/wp-json\/wp\/v2\/tags?post=5639"}],"curies":[{"name":"wp","href":"https:\/\/api.w.org\/{rel}","templated":true}]}}