{"id":5636,"date":"2023-08-10T09:15:34","date_gmt":"2023-08-10T09:15:34","guid":{"rendered":"https:\/\/areabadalona.com\/diario\/?p=5636"},"modified":"2023-08-28T09:16:22","modified_gmt":"2023-08-28T09:16:22","slug":"la-guardia-urbana-de-badalona-dete-a-quatre-persones-que-intentaven-ocupar-un-pis-dun-vei-que-esta-a-lhospital","status":"publish","type":"post","link":"https:\/\/areabadalona.com\/diario\/2023\/08\/10\/la-guardia-urbana-de-badalona-dete-a-quatre-persones-que-intentaven-ocupar-un-pis-dun-vei-que-esta-a-lhospital\/","title":{"rendered":"La Gu\u00e0rdia Urbana de Badalona det\u00e9 a quatre persones que intentaven ocupar un pis d\u2019un ve\u00ed que est\u00e0 a l\u2019hospital\u00a0"},"content":{"rendered":"\n<p>La Gu\u00e0rdia Urbana de Badalona, en una acci\u00f3 coordinada amb la regidoria de Pol\u00edtiques contra l\u2019Ocupaci\u00f3 Il\u00b7legal, va detenir ahir dimecres al voltant de les 19 hores a quatre persones que intentaven ocupar un habitatge al carrer Sant Joan de la Creu, ubicat al barri de Sant Crist de Can Cabanyes. El pis on es va produir l\u2019intent d\u2019ocupaci\u00f3 \u00e9s d\u2019un ve\u00ed que porta 14 dies a l\u2019hospital. Una de les persones arrestades va quedar detinguda i les altres tres han quedat imputades per un presumpte delicte de violaci\u00f3 de domicili. &nbsp;<\/p>\n\n\n\n<p>L&#8217;alcalde de Badalona, Xavier Garcia Albiol, he afirmat que \u00abl&#8217;ocupaci\u00f3 il\u00b7legal \u00e9s una xacra que afecta la nostra ciutat i des del Govern de Badalona estem fermament compromesos per aturar-la i assegurar que els ve\u00efns i ve\u00efnes poden estar tranquils en els seus domicilis\u00bb. \u00abNo ens aturarem fins que els okupes entenguin que aqu\u00ed no s\u00f3n ells les v\u00edctimes, sin\u00f3 els ve\u00efns que pateixen les seves accions\u00bb ha asseverat l&#8217;alcalde.&nbsp;<\/p>\n","protected":false},"excerpt":{"rendered":"<p>La Gu\u00e0rdia Urbana de Badalona, en una acci\u00f3 coordinada amb la regidoria de Pol\u00edtiques contra l\u2019Ocupaci\u00f3 Il\u00b7legal, va detenir ahir dimecres al voltant de les 19 hores a quatre persones que intentaven ocupar un habitatge al carrer Sant Joan de la Creu, ubicat al barri de Sant Crist de Can Cabanyes. El pis on es [&hellip;]<\/p>\n","protected":false},"author":2,"featured_media":5637,"comment_status":"open","ping_status":"open","sticky":false,"template":"","format":"standard","meta":{"footnotes":""},"categories":[23],"tags":[],"class_list":{"0":"post-5636","1":"post","2":"type-post","3":"status-publish","4":"format-standard","5":"has-post-thumbnail","7":"category-actualitat"},"_links":{"self":[{"href":"https:\/\/areabadalona.com\/diario\/wp-json\/wp\/v2\/posts\/5636","targetHints":{"allow":["GET"]}}],"collection":[{"href":"https:\/\/areabadalona.com\/diario\/wp-json\/wp\/v2\/posts"}],"about":[{"href":"https:\/\/areabadalona.com\/diario\/wp-json\/wp\/v2\/types\/post"}],"author":[{"embeddable":true,"href":"https:\/\/areabadalona.com\/diario\/wp-json\/wp\/v2\/users\/2"}],"replies":[{"embeddable":true,"href":"https:\/\/areabadalona.com\/diario\/wp-json\/wp\/v2\/comments?post=5636"}],"version-history":[{"count":1,"href":"https:\/\/areabadalona.com\/diario\/wp-json\/wp\/v2\/posts\/5636\/revisions"}],"predecessor-version":[{"id":5638,"href":"https:\/\/areabadalona.com\/diario\/wp-json\/wp\/v2\/posts\/5636\/revisions\/5638"}],"wp:featuredmedia":[{"embeddable":true,"href":"https:\/\/areabadalona.com\/diario\/wp-json\/wp\/v2\/media\/5637"}],"wp:attachment":[{"href":"https:\/\/areabadalona.com\/diario\/wp-json\/wp\/v2\/media?parent=5636"}],"wp:term":[{"taxonomy":"category","embeddable":true,"href":"https:\/\/areabadalona.com\/diario\/wp-json\/wp\/v2\/categories?post=5636"},{"taxonomy":"post_tag","embeddable":true,"href":"https:\/\/areabadalona.com\/diario\/wp-json\/wp\/v2\/tags?post=5636"}],"curies":[{"name":"wp","href":"https:\/\/api.w.org\/{rel}","templated":true}]}}