{"id":5633,"date":"2023-08-11T09:13:05","date_gmt":"2023-08-11T09:13:05","guid":{"rendered":"https:\/\/areabadalona.com\/diario\/?p=5633"},"modified":"2023-08-28T09:13:48","modified_gmt":"2023-08-28T09:13:48","slug":"aquest-dilluns-14-dagost-comenca-la-festa-major-de-badalona","status":"publish","type":"post","link":"https:\/\/areabadalona.com\/diario\/2023\/08\/11\/aquest-dilluns-14-dagost-comenca-la-festa-major-de-badalona\/","title":{"rendered":"Aquest dilluns 14 d\u2019agost comen\u00e7a la Festa Major de Badalona\u00a0"},"content":{"rendered":"\n<p>Aquest&nbsp; dilluns 14 comencen les activitats del programa de la Festa Major de Badalona, que fins al dimecres 16 proposa un reguitzell d\u2019activitats on la cultura popular, per a grans i petits, i la m\u00fasica, per a tots els gustos, prenen un protagonisme que compartiran amb les activitats tan tradicionals i arrelades a la ciutat com el castell de focs d\u2019artifici, les matinades o la cercavila. En l\u2019edici\u00f3 de la Festa Major d\u2019enguany els concerts a l\u2019escenari del passeig de la Rambla aniran a c\u00e0rrec de Los 80 Principales i PD Tralla, la nit del 14, i La F\u00famiga i Figa Flawas i Julieta la nit del 15 d\u2019agost.&nbsp;<\/p>\n\n\n\n<p>En el marc de la Festa Major des del 12 fins al 16 d\u2019agost tamb\u00e9 es podr\u00e0 visitar a la planta baixa de la Casa de la Vila l\u2019exposici\u00f3 \u2018Arrenglerats a la Platja\u2019 Els envelats i la Festa Major i del 14 al 16 d&#8217;agost tamb\u00e9 la Mostra d\u2019imatgeria festiva de la ciutat. L\u2019exposici\u00f3 i la mostra estaran obertes al p\u00fablic cada dia d\u201911 a 14 hores i de 16 a 21 hores. &nbsp;<\/p>\n\n\n\n<p><strong>Punt Lila&nbsp;<\/strong><\/p>\n\n\n\n<p>Els assistents a la Festa Major disposaran durant les dues nits de concerts (el 14 i 15 d\u2019agost) de servei de Punt Lila per oferir espais per a la prevenci\u00f3 de l\u2019assetjament, l\u2019ab\u00fas i les agressions sexuals, masclistes i LGTBIf\u00f2biques als espais p\u00fablics. El punt d\u2019atenci\u00f3 estar\u00e0 ubicat al passeig de la Rambla, entre el monument a Roca i Pi i l\u2019Escola del Mar.&nbsp;<\/p>\n\n\n\n<p><strong>Ampliaci\u00f3 d\u2019horaris de la restauraci\u00f3 i l\u2019oci nocturn&nbsp;<\/strong><\/p>\n\n\n\n<p><strong>&nbsp;<\/strong>L\u2019Ajuntament de Badalona permetr\u00e0 ampliar l\u2019horari de tancament dels bars, restaurants i discoteques de la ciutat durant la Festa Major d\u2019Agost. Gr\u00e0cies a aquesta mesura, durant els dies 14, 15 i 16 d\u2019agost les activitats recreatives de bar musical, restaurant musical, sala de concert, caf\u00e8 teatre, caf\u00e8 concert, restaurant, bar, restaurant bar i sal\u00f3 de banquets podran perllongar l\u2019horari m\u00e0xim de tancament 30 minuts sobre l\u2019horari general estipulat. En el cas de les discoteques, sales de ball i sales de festes amb espectacle l\u2019ampliaci\u00f3 de l\u2019horari podr\u00e0 ser de fins a 45 minuts.&nbsp;<\/p>\n\n\n\n<p><strong>Dilluns 14 d\u2019agost:&nbsp;<\/strong><\/p>\n\n\n\n<p>18 h &#8211; <strong>REPIC DE FESTA<\/strong> \u2013 A l\u2019esgl\u00e9sia de Santa Maria &nbsp;<\/p>\n\n\n\n<p>A c\u00e0rrec de Campaners de Badalona.&nbsp;<\/p>\n\n\n\n<p>20 h \u2013<strong>TRONADA \/ PREG\u00d3 \/ BALL A PLA\u00c7A<\/strong>&nbsp;<\/p>\n\n\n\n<p><strong>TRONADA <\/strong>\u2013 A la pla\u00e7a de la Vila. &nbsp;<\/p>\n\n\n\n<p>Una traca de cinc-cents metres passar\u00e0 pels carrers de la Costa i de Sant Anastasi i unir\u00e0 la pla\u00e7a de la Constituci\u00f3 -antiga pla\u00e7a de la Vila- amb l\u2019actual pla\u00e7a de la Vila.&nbsp;<\/p>\n\n\n\n<p><strong>PREG\u00d3&nbsp;<\/strong><\/p>\n\n\n\n<p>A c\u00e0rrec de la Comissi\u00f3 de Festes de Badalona&nbsp;<\/p>\n\n\n\n<p><strong>BALL A PLA\u00c7A&nbsp;<\/strong><\/p>\n\n\n\n<p>Hi participen: Miquelets de Badalona, Kapaoltis, Bufons del Foc, Ball de Diables de Badalona, Dragolins Xarop, Pomada i Xeringueta, Drac Fumera, Mulassa, gegants Jeroni i Badamar i Elionor de Sant Climent i Ferrer de Gualbes, T\u00edpic Ball de Bastons de Canyet i Castellers de Badalona&nbsp;<\/p>\n\n\n\n<p><strong>CERCAVILA&nbsp;<\/strong><\/p>\n\n\n\n<p>Recorregut: carrers de Francesc Layret, de la Merc\u00e8 i passeig de la Rambla.&nbsp;<\/p>\n\n\n\n<p>22 h &#8211;<strong> CASTELL DE FOCS<\/strong> a la platja dels Pescadors&nbsp;<\/p>\n\n\n\n<p>A continuaci\u00f3, al passeig de la Rambla <strong>CONCERT DE FESTA MAJOR<\/strong>:&nbsp;<\/p>\n\n\n\n<p><strong>&#8211; LOS 80 PRINCIPALES.<\/strong> Un viatge musical que repassa algunes de les millors can\u00e7ons de la d\u00e8cada dels 80. &nbsp;<\/p>\n\n\n\n<p><strong>&#8211; PD TRALLA.<\/strong> Un grup de punxadiscos badalonins que no deixen indiferent al seu p\u00fablic&nbsp;<\/p>\n\n\n\n<p><strong>Dimarts 15 d\u2019agost:&nbsp;<\/strong><\/p>\n\n\n\n<p>8 h \u2013 <strong>MATINADES<\/strong> als carrers del Centre i de Dalt de la Vila&nbsp;<\/p>\n\n\n\n<p>A c\u00e0rrec del ball de Diables de Badalona i grups de grallers.&nbsp;<\/p>\n\n\n\n<p>10 h &#8211; <strong>CATIFA DE FLORS<\/strong> a l\u2019esgl\u00e9sia de Santa Maria&nbsp;<\/p>\n\n\n\n<p>A c\u00e0rrec de Catifaires de Badalona&nbsp;<\/p>\n\n\n\n<p>10 h \u2013 <strong>ANADA A OFICI<\/strong> a la pla\u00e7a de la Vila&nbsp;<\/p>\n\n\n\n<p>Els balls aniran a ofici passant pels carrers de Sant Anastasi, de la Costa, Sant Sebasti\u00e0, pla\u00e7a de Pau Casals, Barcelona, pla\u00e7a Constituci\u00f3 i carrer de la Pla\u00e7a&nbsp;<\/p>\n\n\n\n<p>10.45 h \u2013 <strong>REPIC DE FESTA<\/strong> a l\u2019esgl\u00e9sia de Santa Maria &nbsp;<\/p>\n\n\n\n<p>A c\u00e0rrec de Campaners de Badalona.&nbsp;<\/p>\n\n\n\n<p>11 h \u2013 <strong>OFICI SOLEMNE<\/strong> a l\u2019esgl\u00e9sia de Santa Maria&nbsp;<\/p>\n\n\n\n<p>A continuaci\u00f3 &nbsp;<\/p>\n\n\n\n<p><strong>BALL DE GEGANTS <\/strong>a la pla\u00e7a de Barber\u00e0<strong>&nbsp;<\/strong><\/p>\n\n\n\n<p><strong>TORNADA D\u2019OFICI&nbsp;<\/strong><\/p>\n\n\n\n<p>Tots els balls tornaran d\u2019ofici en cercavila fins a la pla\u00e7a de la Vila.&nbsp;<\/p>\n\n\n\n<p>14.30 h \u2013 <strong>DINAR POPULAR <\/strong>&nbsp;al passeig de la Rambla &nbsp;<\/p>\n\n\n\n<p>A c\u00e0rrec de la Comissi\u00f3 de Festes de Badalona.&nbsp;<\/p>\n\n\n\n<p>M\u00e9s informaci\u00f3 a <a>agendacultural.badalona.cat<\/a>&nbsp;<\/p>\n\n\n\n<p>18 h \u2013 <strong>CONCERT INFANTIL <\/strong>al passeig de la Rambla &nbsp;<\/p>\n\n\n\n<p>A c\u00e0rrec de <strong>XAROP DE CANYA<\/strong>. Animaci\u00f3 infantil on es combinen jocs, danses, coreografies esbojarrades i can\u00e7ons amb el segell de Xarop de Canya.&nbsp;<\/p>\n\n\n\n<p>19 h \u2013 <strong>BALLADA DE SARDANES AMB LA COBLA SABADELL <\/strong>al passeig de la Rambla.<strong>&nbsp;<\/strong><\/p>\n\n\n\n<p>A c\u00e0rrec de Badalona Sardanista&nbsp;<\/p>\n\n\n\n<p>22 h \u2013 <strong>BANY DE B\u00c8STIES <\/strong>a la platja dels Pescadors&nbsp;<\/p>\n\n\n\n<p>Recorregut del correfoc: passeig Mar\u00edtim, platja dels Pescadors i platja del Pont d\u2019en Botifarreta. &nbsp;<\/p>\n\n\n\n<p>A c\u00e0rrec de les colles de foc de la ciutat.&nbsp; &nbsp;<\/p>\n\n\n\n<p>A continuaci\u00f3 al passeig de la Rambla, <strong>CONCERT DE FESTA MAJOR&nbsp;<\/strong><\/p>\n\n\n\n<p><strong>&#8211; LA F\u00daMIGA<\/strong>. Grup referent de pop festiu que fan brollar l\u2019optimisme i l\u2019entusiasme del p\u00fablic.&nbsp;<\/p>\n\n\n\n<p><strong>&#8211; FIGA FLAWAS I JULIETA<\/strong>. Primer concert conjunt dels dos artistes. M\u00fasica pop fusionada amb ritmes urbans i llatins.&nbsp;<\/p>\n\n\n\n<p><strong>Dimecres 16 d\u2019agost&nbsp;<\/strong><\/p>\n\n\n\n<p>8 h \u2013 <strong>MATINADES <\/strong>als carrers del Centre i de Dalt de la Vila&nbsp;<\/p>\n\n\n\n<p>A c\u00e0rrec del Ball de Diables de Badalona i grups de grallers.&nbsp;<\/p>\n\n\n\n<p>11.15 h \u2013 <strong>REPIC DE FESTA<\/strong> a l\u2019esgl\u00e9sia de Santa Maria&nbsp;<\/p>\n\n\n\n<p>A c\u00e0rrec de Campaners de Badalona.&nbsp;<\/p>\n\n\n\n<p>11.30 h \u2013 <strong>OFICI DE SANT ROC<\/strong> a l\u2019esgl\u00e9sia de Santa Maria&nbsp;<\/p>\n\n\n\n<p>En acabar l\u2019Ofici, <strong>TORNADA D\u2019OFICI I FI DE FESTA <\/strong>&nbsp;<\/p>\n\n\n\n<p>Tots els balls tornaran d\u2019ofici en cercavila fins a la pla\u00e7a de la Vila, on hi haur\u00e0 una tronada de fi de festa&nbsp;<\/p>\n","protected":false},"excerpt":{"rendered":"<p>Aquest&nbsp; dilluns 14 comencen les activitats del programa de la Festa Major de Badalona, que fins al dimecres 16 proposa un reguitzell d\u2019activitats on la cultura popular, per a grans i petits, i la m\u00fasica, per a tots els gustos, prenen un protagonisme que compartiran amb les activitats tan tradicionals i arrelades a la ciutat [&hellip;]<\/p>\n","protected":false},"author":2,"featured_media":5634,"comment_status":"open","ping_status":"open","sticky":false,"template":"","format":"standard","meta":{"footnotes":""},"categories":[25],"tags":[],"class_list":{"0":"post-5633","1":"post","2":"type-post","3":"status-publish","4":"format-standard","5":"has-post-thumbnail","7":"category-cultura"},"_links":{"self":[{"href":"https:\/\/areabadalona.com\/diario\/wp-json\/wp\/v2\/posts\/5633","targetHints":{"allow":["GET"]}}],"collection":[{"href":"https:\/\/areabadalona.com\/diario\/wp-json\/wp\/v2\/posts"}],"about":[{"href":"https:\/\/areabadalona.com\/diario\/wp-json\/wp\/v2\/types\/post"}],"author":[{"embeddable":true,"href":"https:\/\/areabadalona.com\/diario\/wp-json\/wp\/v2\/users\/2"}],"replies":[{"embeddable":true,"href":"https:\/\/areabadalona.com\/diario\/wp-json\/wp\/v2\/comments?post=5633"}],"version-history":[{"count":1,"href":"https:\/\/areabadalona.com\/diario\/wp-json\/wp\/v2\/posts\/5633\/revisions"}],"predecessor-version":[{"id":5635,"href":"https:\/\/areabadalona.com\/diario\/wp-json\/wp\/v2\/posts\/5633\/revisions\/5635"}],"wp:featuredmedia":[{"embeddable":true,"href":"https:\/\/areabadalona.com\/diario\/wp-json\/wp\/v2\/media\/5634"}],"wp:attachment":[{"href":"https:\/\/areabadalona.com\/diario\/wp-json\/wp\/v2\/media?parent=5633"}],"wp:term":[{"taxonomy":"category","embeddable":true,"href":"https:\/\/areabadalona.com\/diario\/wp-json\/wp\/v2\/categories?post=5633"},{"taxonomy":"post_tag","embeddable":true,"href":"https:\/\/areabadalona.com\/diario\/wp-json\/wp\/v2\/tags?post=5633"}],"curies":[{"name":"wp","href":"https:\/\/api.w.org\/{rel}","templated":true}]}}