{"id":5630,"date":"2023-08-17T09:09:13","date_gmt":"2023-08-17T09:09:13","guid":{"rendered":"https:\/\/areabadalona.com\/diario\/?p=5630"},"modified":"2023-08-28T09:09:48","modified_gmt":"2023-08-28T09:09:48","slug":"el-govern-municipal-encarregara-al-setembre-un-projecte-per-renovar-totalment-la-biblioteca-central-urbana-can-casacuberta","status":"publish","type":"post","link":"https:\/\/areabadalona.com\/diario\/2023\/08\/17\/el-govern-municipal-encarregara-al-setembre-un-projecte-per-renovar-totalment-la-biblioteca-central-urbana-can-casacuberta\/","title":{"rendered":"El Govern municipal encarregar\u00e0 al setembre un projecte per renovar totalment la Biblioteca Central Urbana Can Casacuberta\u00a0"},"content":{"rendered":"\n<p>L\u2019Ajuntament de Badalona encarregar\u00e0 durant el mes de setembre un projecte per renovar totalment la Biblioteca Central Urbana Can Casacuberta. El Govern municipal ha prioritzat aquesta decisi\u00f3 despr\u00e9s que una nova incid\u00e8ncia en la climatitzaci\u00f3 obligui a tancar temporalment la principal biblioteca del centre de la ciutat. &nbsp;<\/p>\n\n\n\n<p>Durant els darrers dies el servei de Manteniment d\u2019Edificis va detectar que s\u2019havia espatllat una pe\u00e7a de la m\u00e0quina refrigeradora de la biblioteca i per solucionar-ho es va iniciar la tramitaci\u00f3 del subministrament d\u2019un recanvi. &nbsp;Es preveu que la incid\u00e8ncia es pugui solucionar en pocs dies per poder obrir de nou l\u2019equipament en les condicions adequades durant les pr\u00f2ximes setmanes. &nbsp;<\/p>\n\n\n\n<p>No obstant aix\u00f2, davant les elevades temperatures, el Govern municipal ha decidit tancar temporalment Can Casacuberta (l\u2019\u00fanica biblioteca de la ciutat que obre a l\u2019agost) i traslladar tota l\u2019activitat que es fa en aquest equipament a la Biblioteca Canyad\u00f3 i Casagemes \u2013 Joan Argent\u00e9, que des de dem\u00e0 i fins al 31 d\u2019agost obrir\u00e0 de dilluns a divendres entre les 9.30 i les 14.30 hores. Els dissabtes l\u2019equipament restar\u00e0 tancat. &nbsp;<\/p>\n\n\n\n<p>L\u2019alcalde de Badalona, Xavier Garcia Albiol, ha lamentat haver de tancar de nou la biblioteca i ha explicat que \u201cens comprometem a dur a terme una reforma integral de Can Casacuberta perqu\u00e8 Badalona i els seus ve\u00efns mereixen una biblioteca central amb unes condicions adequades\u201d. L\u2019alcalde ha remarcat que \u201cno podem continuar fent nom\u00e9s nyaps en els equipaments municipals\u201d i ha assegurat que \u201cprecisament per no haver fet obres estructurals durant el temps que l\u2019anterior govern va tenir la biblioteca sense servei, ara hem de tornar a tancar-la per una nova incid\u00e8ncia\u201d.&nbsp; &nbsp;<\/p>\n","protected":false},"excerpt":{"rendered":"<p>L\u2019Ajuntament de Badalona encarregar\u00e0 durant el mes de setembre un projecte per renovar totalment la Biblioteca Central Urbana Can Casacuberta. El Govern municipal ha prioritzat aquesta decisi\u00f3 despr\u00e9s que una nova incid\u00e8ncia en la climatitzaci\u00f3 obligui a tancar temporalment la principal biblioteca del centre de la ciutat. &nbsp; Durant els darrers dies el servei de [&hellip;]<\/p>\n","protected":false},"author":2,"featured_media":5631,"comment_status":"open","ping_status":"open","sticky":false,"template":"","format":"standard","meta":{"footnotes":""},"categories":[23],"tags":[],"class_list":{"0":"post-5630","1":"post","2":"type-post","3":"status-publish","4":"format-standard","5":"has-post-thumbnail","7":"category-actualitat"},"_links":{"self":[{"href":"https:\/\/areabadalona.com\/diario\/wp-json\/wp\/v2\/posts\/5630","targetHints":{"allow":["GET"]}}],"collection":[{"href":"https:\/\/areabadalona.com\/diario\/wp-json\/wp\/v2\/posts"}],"about":[{"href":"https:\/\/areabadalona.com\/diario\/wp-json\/wp\/v2\/types\/post"}],"author":[{"embeddable":true,"href":"https:\/\/areabadalona.com\/diario\/wp-json\/wp\/v2\/users\/2"}],"replies":[{"embeddable":true,"href":"https:\/\/areabadalona.com\/diario\/wp-json\/wp\/v2\/comments?post=5630"}],"version-history":[{"count":1,"href":"https:\/\/areabadalona.com\/diario\/wp-json\/wp\/v2\/posts\/5630\/revisions"}],"predecessor-version":[{"id":5632,"href":"https:\/\/areabadalona.com\/diario\/wp-json\/wp\/v2\/posts\/5630\/revisions\/5632"}],"wp:featuredmedia":[{"embeddable":true,"href":"https:\/\/areabadalona.com\/diario\/wp-json\/wp\/v2\/media\/5631"}],"wp:attachment":[{"href":"https:\/\/areabadalona.com\/diario\/wp-json\/wp\/v2\/media?parent=5630"}],"wp:term":[{"taxonomy":"category","embeddable":true,"href":"https:\/\/areabadalona.com\/diario\/wp-json\/wp\/v2\/categories?post=5630"},{"taxonomy":"post_tag","embeddable":true,"href":"https:\/\/areabadalona.com\/diario\/wp-json\/wp\/v2\/tags?post=5630"}],"curies":[{"name":"wp","href":"https:\/\/api.w.org\/{rel}","templated":true}]}}