{"id":5627,"date":"2023-08-21T08:32:15","date_gmt":"2023-08-21T08:32:15","guid":{"rendered":"https:\/\/areabadalona.com\/diario\/?p=5627"},"modified":"2023-08-28T08:32:54","modified_gmt":"2023-08-28T08:32:54","slug":"lajuntament-instal%c2%b7lara-mesures-de-proteccio-per-evitar-nous-despreniments-a-la-facana-del-mercat-municipal-maignon","status":"publish","type":"post","link":"https:\/\/areabadalona.com\/diario\/2023\/08\/21\/lajuntament-instal%c2%b7lara-mesures-de-proteccio-per-evitar-nous-despreniments-a-la-facana-del-mercat-municipal-maignon\/","title":{"rendered":"L\u2019Ajuntament instal\u00b7lar\u00e0 mesures de protecci\u00f3 per evitar nous despreniments a la fa\u00e7ana del Mercat Municipal Maignon"},"content":{"rendered":"\n<p>L\u2019Ajuntament de Badalona ha comen\u00e7at els treballs per garantir la seguretat dels ve\u00efns, vianants i comerciants entorn del Mercat Municipal Maignon despr\u00e9s dels despreniments que hi ha hagut aquest cap de setmana a la fa\u00e7ana de l\u2019edifici, situada al passatge de Maignon, al barri del Centre.<\/p>\n\n\n\n<p>Aquest mateix mat\u00ed, l\u2019alcalde de Badalona, Xavier Garcia Albiol, acompanyat de la regidora del districte 1 i de l\u2019\u00c0rea de Comer\u00e7, Mercats i Consum, Rosa Bertran, i del regidor de l\u2019\u00c0rea de Seguretat Ciutadana, Juan Manuel Ruiz, aix\u00ed com de t\u00e8cnics municipals, han avaluat la situaci\u00f3, coordinat les primeres tasques de protecci\u00f3 i s\u2019ha ordenat la contractaci\u00f3 urgent d\u2019una empresa especialitzada que instal\u00b7li les mesures de seguretat que siguin necess\u00e0ries per evitar nous despreniments.<\/p>\n\n\n\n<p>L\u2019alcalde ha recordat que: \u201caquesta situaci\u00f3 \u00e9s conseq\u00fc\u00e8ncia d\u2019haver anul\u00b7lat la reforma del Mercat Maignon que vam impulsar l\u2019any 2015 durant el meu primer mandat\u201d, \u201cel que s\u00ed puc assegurar a la ciutadania i als comerciants \u00e9s que comen\u00e7arem immediatament la redacci\u00f3 d\u2019un nou projecte per tal que durant aquest mandat municipal puguem tenir un nou mercat\u201d, ha concl\u00f2s Xavier Garcia Albiol.<\/p>\n","protected":false},"excerpt":{"rendered":"<p>L\u2019Ajuntament de Badalona ha comen\u00e7at els treballs per garantir la seguretat dels ve\u00efns, vianants i comerciants entorn del Mercat Municipal Maignon despr\u00e9s dels despreniments que hi ha hagut aquest cap de setmana a la fa\u00e7ana de l\u2019edifici, situada al passatge de Maignon, al barri del Centre. Aquest mateix mat\u00ed, l\u2019alcalde de Badalona, Xavier Garcia Albiol, [&hellip;]<\/p>\n","protected":false},"author":2,"featured_media":5628,"comment_status":"open","ping_status":"open","sticky":false,"template":"","format":"standard","meta":{"footnotes":""},"categories":[23],"tags":[],"class_list":{"0":"post-5627","1":"post","2":"type-post","3":"status-publish","4":"format-standard","5":"has-post-thumbnail","7":"category-actualitat"},"_links":{"self":[{"href":"https:\/\/areabadalona.com\/diario\/wp-json\/wp\/v2\/posts\/5627","targetHints":{"allow":["GET"]}}],"collection":[{"href":"https:\/\/areabadalona.com\/diario\/wp-json\/wp\/v2\/posts"}],"about":[{"href":"https:\/\/areabadalona.com\/diario\/wp-json\/wp\/v2\/types\/post"}],"author":[{"embeddable":true,"href":"https:\/\/areabadalona.com\/diario\/wp-json\/wp\/v2\/users\/2"}],"replies":[{"embeddable":true,"href":"https:\/\/areabadalona.com\/diario\/wp-json\/wp\/v2\/comments?post=5627"}],"version-history":[{"count":1,"href":"https:\/\/areabadalona.com\/diario\/wp-json\/wp\/v2\/posts\/5627\/revisions"}],"predecessor-version":[{"id":5629,"href":"https:\/\/areabadalona.com\/diario\/wp-json\/wp\/v2\/posts\/5627\/revisions\/5629"}],"wp:featuredmedia":[{"embeddable":true,"href":"https:\/\/areabadalona.com\/diario\/wp-json\/wp\/v2\/media\/5628"}],"wp:attachment":[{"href":"https:\/\/areabadalona.com\/diario\/wp-json\/wp\/v2\/media?parent=5627"}],"wp:term":[{"taxonomy":"category","embeddable":true,"href":"https:\/\/areabadalona.com\/diario\/wp-json\/wp\/v2\/categories?post=5627"},{"taxonomy":"post_tag","embeddable":true,"href":"https:\/\/areabadalona.com\/diario\/wp-json\/wp\/v2\/tags?post=5627"}],"curies":[{"name":"wp","href":"https:\/\/api.w.org\/{rel}","templated":true}]}}