{"id":5624,"date":"2023-08-22T08:30:51","date_gmt":"2023-08-22T08:30:51","guid":{"rendered":"https:\/\/areabadalona.com\/diario\/?p=5624"},"modified":"2023-08-28T08:31:31","modified_gmt":"2023-08-28T08:31:31","slug":"lalcalde-es-reuneix-amb-els-castellers-de-badalona-per-trobar-un-espai-alternatiu-on-puguin-continuar-les-seves-activitats","status":"publish","type":"post","link":"https:\/\/areabadalona.com\/diario\/2023\/08\/22\/lalcalde-es-reuneix-amb-els-castellers-de-badalona-per-trobar-un-espai-alternatiu-on-puguin-continuar-les-seves-activitats\/","title":{"rendered":"L\u2019alcalde es reuneix amb els Castellers de Badalona per trobar un espai alternatiu on puguin continuar les seves activitats\u00a0"},"content":{"rendered":"\n<p>L\u2019alcalde de Badalona, Xavier Garcia Albiol, s\u2019ha reunit aquest mat\u00ed amb representants dels Castellers de Badalona amb l\u2019objectiu de trobar un espai alternatiu on la Colla Micaco pugui dur a terme les seves activitats. Els Castellers no poden continuar fent els seus assajos al Mercat Municipal Maignon per q\u00fcestions de seguretat despr\u00e9s que el passat cap de setmana s\u2019hagin produ\u00eft despreniments a la fa\u00e7ana de l\u2019edifici &nbsp;<\/p>\n\n\n\n<p>A l\u2019espera dels corresponents informes t\u00e8cnics per saber si el Mercat Maignon podr\u00e0 tornar a acollir les activitats dels castellers, l\u2019alcalde s\u2019ha reunit amb el cap i la sots cap de la Colla, Carles Llombart i Laia G\u00f3mez, i el secretari de l\u2019entitat, Joan Corominas, per trobar solucions provisionals perqu\u00e8 l\u2019entitat castellera pugui continuar desenvolupar les seves activitats.&nbsp;<\/p>\n\n\n\n<p>L\u2019alcalde s\u2019ha comprom\u00e8s a la cessi\u00f3 provisional de l\u2019espai municipal que millor s\u2019adeq\u00fci i encaixi a les necessitats espec\u00edfiques dels castellers, com a part del patrimoni cultural de Badalona, i ha avan\u00e7at que l\u2019Ajuntament treballa: \u201cperqu\u00e8 la ciutat tingui al m\u00e9s aviat possible, en un projecte a mitj\u00e0 i llarg termini, una Casa de la Festa que sigui un espai de refer\u00e8ncia per totes aquelles entitats que treballen per la cultura a Badalona\u201d.&nbsp;<\/p>\n","protected":false},"excerpt":{"rendered":"<p>L\u2019alcalde de Badalona, Xavier Garcia Albiol, s\u2019ha reunit aquest mat\u00ed amb representants dels Castellers de Badalona amb l\u2019objectiu de trobar un espai alternatiu on la Colla Micaco pugui dur a terme les seves activitats. Els Castellers no poden continuar fent els seus assajos al Mercat Municipal Maignon per q\u00fcestions de seguretat despr\u00e9s que el passat [&hellip;]<\/p>\n","protected":false},"author":2,"featured_media":5625,"comment_status":"open","ping_status":"open","sticky":false,"template":"","format":"standard","meta":{"footnotes":""},"categories":[23,25],"tags":[],"class_list":{"0":"post-5624","1":"post","2":"type-post","3":"status-publish","4":"format-standard","5":"has-post-thumbnail","7":"category-actualitat","8":"category-cultura"},"_links":{"self":[{"href":"https:\/\/areabadalona.com\/diario\/wp-json\/wp\/v2\/posts\/5624","targetHints":{"allow":["GET"]}}],"collection":[{"href":"https:\/\/areabadalona.com\/diario\/wp-json\/wp\/v2\/posts"}],"about":[{"href":"https:\/\/areabadalona.com\/diario\/wp-json\/wp\/v2\/types\/post"}],"author":[{"embeddable":true,"href":"https:\/\/areabadalona.com\/diario\/wp-json\/wp\/v2\/users\/2"}],"replies":[{"embeddable":true,"href":"https:\/\/areabadalona.com\/diario\/wp-json\/wp\/v2\/comments?post=5624"}],"version-history":[{"count":1,"href":"https:\/\/areabadalona.com\/diario\/wp-json\/wp\/v2\/posts\/5624\/revisions"}],"predecessor-version":[{"id":5626,"href":"https:\/\/areabadalona.com\/diario\/wp-json\/wp\/v2\/posts\/5624\/revisions\/5626"}],"wp:featuredmedia":[{"embeddable":true,"href":"https:\/\/areabadalona.com\/diario\/wp-json\/wp\/v2\/media\/5625"}],"wp:attachment":[{"href":"https:\/\/areabadalona.com\/diario\/wp-json\/wp\/v2\/media?parent=5624"}],"wp:term":[{"taxonomy":"category","embeddable":true,"href":"https:\/\/areabadalona.com\/diario\/wp-json\/wp\/v2\/categories?post=5624"},{"taxonomy":"post_tag","embeddable":true,"href":"https:\/\/areabadalona.com\/diario\/wp-json\/wp\/v2\/tags?post=5624"}],"curies":[{"name":"wp","href":"https:\/\/api.w.org\/{rel}","templated":true}]}}