{"id":5620,"date":"2023-08-22T08:28:56","date_gmt":"2023-08-22T08:28:56","guid":{"rendered":"https:\/\/areabadalona.com\/diario\/?p=5620"},"modified":"2023-08-28T08:29:43","modified_gmt":"2023-08-28T08:29:43","slug":"badalona-acull-aquest-cap-de-setmana-la-final-del-campionat-de-catalunya-de-volei-platja-vichy-catalan-volei-tour-2023","status":"publish","type":"post","link":"https:\/\/areabadalona.com\/diario\/2023\/08\/22\/badalona-acull-aquest-cap-de-setmana-la-final-del-campionat-de-catalunya-de-volei-platja-vichy-catalan-volei-tour-2023\/","title":{"rendered":"Badalona acull aquest cap de setmana la final del Campionat de Catalunya de V\u00f2lei Platja Vichy Catal\u00e1n Volei Tour 2023\u00a0"},"content":{"rendered":"\n<p>Badalona acull aquest cap de setmana del 26 i 27 d\u2019agost les finals femenines i masculines del Campionat de Catalunya de V\u00f2lei Platja Vichy Catal\u00e1n Volei Tour, a la platja del Pont del Petroli. La final comptar\u00e0 amb les 16 millors parelles de la temporada (8 femenines i 8 masculines) despr\u00e9s d\u2019haver-se disputat les proves puntuables a diferents localitat catalanes.&nbsp;<\/p>\n\n\n\n<p>La competici\u00f3 va arrencar a Matar\u00f3 el 13 i 14 de maig, i el calendari del Campionat de Catalunya de V\u00f2lei Platja va portar la competici\u00f3 a Vilanova i la Geltr\u00fa; Torredembarra; Tarragona; Cunit; Cambrils i Empuriabrava, abans de disputar-se la final a Badalona.&nbsp;<\/p>\n\n\n\n<p>Els partits s\u2019iniciaran dissabte i diumenge a partir de les 10 hores i fins les 20 hores, i la final femenina i masculina, es disputar\u00e0 diumenge a partir de les 18 hores. &nbsp;<\/p>\n\n\n\n<p>Els partits de la pista central es podran veure per l\u2019<em>streaming<\/em> de la Federaci\u00f3 Catalana de Voleibol, a trav\u00e9s del seu canal de YouTube; i les finals es podran veure a trav\u00e9s de la web del canal Esport3. &nbsp;<\/p>\n\n\n\n<p>L\u2019Ajuntament de Badalona i la Federaci\u00f3 Catalana de Voleibol, comparteixen un any m\u00e9s l\u2019objectiu de promocionar l\u2019esport del v\u00f2lei platja i del voleibol, aix\u00ed com la promoci\u00f3 de la ciutat de Badalona i en especial del seu litoral.&nbsp;<\/p>\n","protected":false},"excerpt":{"rendered":"<p>Badalona acull aquest cap de setmana del 26 i 27 d\u2019agost les finals femenines i masculines del Campionat de Catalunya de V\u00f2lei Platja Vichy Catal\u00e1n Volei Tour, a la platja del Pont del Petroli. La final comptar\u00e0 amb les 16 millors parelles de la temporada (8 femenines i 8 masculines) despr\u00e9s d\u2019haver-se disputat les proves [&hellip;]<\/p>\n","protected":false},"author":2,"featured_media":5622,"comment_status":"open","ping_status":"open","sticky":false,"template":"","format":"standard","meta":{"footnotes":""},"categories":[26],"tags":[],"class_list":{"0":"post-5620","1":"post","2":"type-post","3":"status-publish","4":"format-standard","5":"has-post-thumbnail","7":"category-esports"},"_links":{"self":[{"href":"https:\/\/areabadalona.com\/diario\/wp-json\/wp\/v2\/posts\/5620","targetHints":{"allow":["GET"]}}],"collection":[{"href":"https:\/\/areabadalona.com\/diario\/wp-json\/wp\/v2\/posts"}],"about":[{"href":"https:\/\/areabadalona.com\/diario\/wp-json\/wp\/v2\/types\/post"}],"author":[{"embeddable":true,"href":"https:\/\/areabadalona.com\/diario\/wp-json\/wp\/v2\/users\/2"}],"replies":[{"embeddable":true,"href":"https:\/\/areabadalona.com\/diario\/wp-json\/wp\/v2\/comments?post=5620"}],"version-history":[{"count":1,"href":"https:\/\/areabadalona.com\/diario\/wp-json\/wp\/v2\/posts\/5620\/revisions"}],"predecessor-version":[{"id":5623,"href":"https:\/\/areabadalona.com\/diario\/wp-json\/wp\/v2\/posts\/5620\/revisions\/5623"}],"wp:featuredmedia":[{"embeddable":true,"href":"https:\/\/areabadalona.com\/diario\/wp-json\/wp\/v2\/media\/5622"}],"wp:attachment":[{"href":"https:\/\/areabadalona.com\/diario\/wp-json\/wp\/v2\/media?parent=5620"}],"wp:term":[{"taxonomy":"category","embeddable":true,"href":"https:\/\/areabadalona.com\/diario\/wp-json\/wp\/v2\/categories?post=5620"},{"taxonomy":"post_tag","embeddable":true,"href":"https:\/\/areabadalona.com\/diario\/wp-json\/wp\/v2\/tags?post=5620"}],"curies":[{"name":"wp","href":"https:\/\/api.w.org\/{rel}","templated":true}]}}