{"id":5617,"date":"2023-08-23T08:21:17","date_gmt":"2023-08-23T08:21:17","guid":{"rendered":"https:\/\/areabadalona.com\/diario\/?p=5617"},"modified":"2023-08-28T08:21:57","modified_gmt":"2023-08-28T08:21:57","slug":"la-guardia-urbana-de-badalona-dete-un-home-amb-nombrosos-antecedents-per-una-temptativa-de-robatori-amb-intimidacio","status":"publish","type":"post","link":"https:\/\/areabadalona.com\/diario\/2023\/08\/23\/la-guardia-urbana-de-badalona-dete-un-home-amb-nombrosos-antecedents-per-una-temptativa-de-robatori-amb-intimidacio\/","title":{"rendered":"La Guardia Urbana de Badalona det\u00e9 un home amb nombrosos antecedents per una temptativa de robatori amb intimidaci\u00f3\u00a0"},"content":{"rendered":"\n<p>Una patrulla de la Gu\u00e0rdia Urbana de Badalona ha detingut aquest mat\u00ed un home de 43 anys d\u2019edat al barri de la Salut per una presumpta temptativa de robatori amb pistola.&nbsp;<\/p>\n\n\n\n<p>La detenci\u00f3 s\u2019ha produ\u00eft abans de les 10 del mat\u00ed pocs minuts despr\u00e9s de rebre la den\u00fancia d\u2019un ve\u00ed que havia patit la temptativa de robatori en el moment d\u2019agafar el seu vehicle al carrer d\u2019Isaac Alb\u00e9niz. El detingut, amb nombrosos antecedents, portava una pistola de gas (Airsoft), un arp\u00f3 de pesca i un ganivet de grans dimensions (40 cm).&nbsp;<\/p>\n\n\n\n<p>Davant aquesta actuaci\u00f3 de la Gu\u00e0rdia Urbana, l\u2019alcalde de Badalona, Xavier Garcia Albiol, ha traslladat al cos policial les seves felicitacions \u201cper la detenci\u00f3 d\u2019aquest delinq\u00fcent multireincident\u201d i ha mostrat el seu desig que: \u201cla just\u00edcia actu\u00ef amb contund\u00e8ncia\u201d.&nbsp;<\/p>\n","protected":false},"excerpt":{"rendered":"<p>Una patrulla de la Gu\u00e0rdia Urbana de Badalona ha detingut aquest mat\u00ed un home de 43 anys d\u2019edat al barri de la Salut per una presumpta temptativa de robatori amb pistola.&nbsp; La detenci\u00f3 s\u2019ha produ\u00eft abans de les 10 del mat\u00ed pocs minuts despr\u00e9s de rebre la den\u00fancia d\u2019un ve\u00ed que havia patit la temptativa [&hellip;]<\/p>\n","protected":false},"author":2,"featured_media":5618,"comment_status":"open","ping_status":"open","sticky":false,"template":"","format":"standard","meta":{"footnotes":""},"categories":[23],"tags":[],"class_list":{"0":"post-5617","1":"post","2":"type-post","3":"status-publish","4":"format-standard","5":"has-post-thumbnail","7":"category-actualitat"},"_links":{"self":[{"href":"https:\/\/areabadalona.com\/diario\/wp-json\/wp\/v2\/posts\/5617","targetHints":{"allow":["GET"]}}],"collection":[{"href":"https:\/\/areabadalona.com\/diario\/wp-json\/wp\/v2\/posts"}],"about":[{"href":"https:\/\/areabadalona.com\/diario\/wp-json\/wp\/v2\/types\/post"}],"author":[{"embeddable":true,"href":"https:\/\/areabadalona.com\/diario\/wp-json\/wp\/v2\/users\/2"}],"replies":[{"embeddable":true,"href":"https:\/\/areabadalona.com\/diario\/wp-json\/wp\/v2\/comments?post=5617"}],"version-history":[{"count":1,"href":"https:\/\/areabadalona.com\/diario\/wp-json\/wp\/v2\/posts\/5617\/revisions"}],"predecessor-version":[{"id":5619,"href":"https:\/\/areabadalona.com\/diario\/wp-json\/wp\/v2\/posts\/5617\/revisions\/5619"}],"wp:featuredmedia":[{"embeddable":true,"href":"https:\/\/areabadalona.com\/diario\/wp-json\/wp\/v2\/media\/5618"}],"wp:attachment":[{"href":"https:\/\/areabadalona.com\/diario\/wp-json\/wp\/v2\/media?parent=5617"}],"wp:term":[{"taxonomy":"category","embeddable":true,"href":"https:\/\/areabadalona.com\/diario\/wp-json\/wp\/v2\/categories?post=5617"},{"taxonomy":"post_tag","embeddable":true,"href":"https:\/\/areabadalona.com\/diario\/wp-json\/wp\/v2\/tags?post=5617"}],"curies":[{"name":"wp","href":"https:\/\/api.w.org\/{rel}","templated":true}]}}